{"id":35951,"date":"2025-03-25T11:37:56","date_gmt":"2025-03-25T14:37:56","guid":{"rendered":"https:\/\/radiostudiow.com.br\/site\/?p=35951"},"modified":"2025-03-25T11:37:57","modified_gmt":"2025-03-25T14:37:57","slug":"ipva-2025-terceira-parcela-para-placas-7-e-8-vence-nesta-terca-feira-25","status":"publish","type":"post","link":"https:\/\/radiostudiow.com.br\/site\/2025\/03\/25\/ipva-2025-terceira-parcela-para-placas-7-e-8-vence-nesta-terca-feira-25\/","title":{"rendered":"IPVA 2025: terceira parcela para placas 7 e 8 vence nesta ter\u00e7a-feira (25)"},"content":{"rendered":"\n<p>O prazo para pagamento da terceira parcela do Imposto sobre a Propriedade de Ve\u00edculos Automotores (IPVA) 2025 para propriet\u00e1rios de ve\u00edculos com placas de final 7 e 8 encerra nesta ter\u00e7a-feira (25). A data marca o rein\u00edcio do calend\u00e1rio de pagamentos, que seguir\u00e1 at\u00e9 a pr\u00f3xima semana para os demais motoristas.<\/p>\n\n\n\n<figure class=\"wp-block-image size-full\"><img loading=\"lazy\" decoding=\"async\" width=\"598\" height=\"204\" src=\"https:\/\/radiostudiow.com.br\/site\/wp-content\/uploads\/2025\/01\/SITE-MEDIO.png\" alt=\"\" class=\"wp-image-32810\" srcset=\"https:\/\/radiostudiow.com.br\/site\/wp-content\/uploads\/2025\/01\/SITE-MEDIO.png 598w, https:\/\/radiostudiow.com.br\/site\/wp-content\/uploads\/2025\/01\/SITE-MEDIO-300x102.png 300w\" sizes=\"auto, (max-width: 598px) 100vw, 598px\" \/><\/figure>\n\n\n\n<h2 class=\"wp-block-heading\"><strong>Os vencimentos da terceira parcela variam entre os dias 20 e 26 de mar\u00e7o, conforme o final da placa do ve\u00edculo.<\/strong><\/h2>\n\n\n\n<p>Finais 1 e 2: 20\/03 (vencida)<\/p>\n\n\n\n<p>Finais 3 e 4: 21\/03 (vencida)<\/p>\n\n\n\n<p>Finais 5 e 6: 24\/03 (vencida)<\/p>\n\n\n\n<p>Finais 7 e 8: 25\/03<\/p>\n\n\n\n<p>Finais 9 e 0: 26\/03<\/p>\n\n\n\n<p>Em caso de atraso, a multa \u00e9 de 0,33% ao dia mais juros de mora (de acordo com a taxa Selic). Ap\u00f3s 30 dias de atraso, o percentual \u00e9 fixado em 10% do valor do imposto.<\/p>\n\n\n\n<p><strong>COMO PAGAR<\/strong>&nbsp;\u2013 Assim como j\u00e1 ocorria em anos anteriores, as guias de recolhimento (GR-PR) n\u00e3o s\u00e3o enviadas pelos correios. A Secretaria de Estado da Fazenda e a Receita Estadual tamb\u00e9m n\u00e3o encaminham boletos por e-mail nem aplicativos de mensagens. Os contribuintes do Paran\u00e1 devem ger\u00e1-las para pagamento por meio dos canais oficiais:&nbsp;<strong><a href=\"https:\/\/www.contribuinte.fazenda.pr.gov.br\/ipva\/faces\/home;jsessionid=Km_JyvQG6J3Hp9aiD6PE2s-nSrC497SZJWa7xihs17wyv9OAnuPJ!-1799591842\" target=\"_blank\" rel=\"noreferrer noopener\">Portal IPVA<\/a><\/strong>, os aplicativos Servi\u00e7os R\u00e1pidos, da Receita Estadual, e Detran Inteligente, dispon\u00edveis para&nbsp;<strong><a href=\"https:\/\/play.google.com\/store\/apps\/details?id=br.gov.pr.celepar.receita.servicos&amp;pli=1\" target=\"_blank\" rel=\"noreferrer noopener\">Android<\/a><\/strong>&nbsp;e&nbsp;<strong><a href=\"https:\/\/apps.apple.com\/br\/app\/receita-paran%C3%A1\/id1613796501\" target=\"_blank\" rel=\"noreferrer noopener\">iOS<\/a><\/strong>, ou&nbsp;<strong><a href=\"https:\/\/arrecadacao.fazenda.pr.gov.br\/\" target=\"_blank\" rel=\"noreferrer noopener\">Portal de Pagamentos de Tributos<\/a><\/strong>.<\/p>\n\n\n\n<figure class=\"wp-block-image size-full\"><img loading=\"lazy\" decoding=\"async\" width=\"900\" height=\"408\" src=\"https:\/\/radiostudiow.com.br\/site\/wp-content\/uploads\/2025\/03\/SITE-E-TV-1.png\" alt=\"\" class=\"wp-image-35744\" srcset=\"https:\/\/radiostudiow.com.br\/site\/wp-content\/uploads\/2025\/03\/SITE-E-TV-1.png 900w, https:\/\/radiostudiow.com.br\/site\/wp-content\/uploads\/2025\/03\/SITE-E-TV-1-300x136.png 300w, https:\/\/radiostudiow.com.br\/site\/wp-content\/uploads\/2025\/03\/SITE-E-TV-1-768x348.png 768w\" sizes=\"auto, (max-width: 900px) 100vw, 900px\" \/><\/figure>\n\n\n\n<p>Uma alternativa de pagamento do IPVA \u00e9 o pix, por meio do QR Code inserido na guia de recolhimento, a partir de mais de 800 institui\u00e7\u00f5es financeiras. O pagamento nessa modalidade \u00e9 compensado em at\u00e9 24 horas e pode ser feito nos canais eletr\u00f4nicos dos bancos ou por meio de aplicativos, n\u00e3o limitados aos parceiros do Estado.<\/p>\n\n\n\n<p>Al\u00e9m disso, \u00e9 poss\u00edvel pagar o IPVA com cart\u00e3o de cr\u00e9dito, que permite parcelar os d\u00e9bitos em at\u00e9 12 vezes. Neste caso, a Fazenda e a Receita chamam a aten\u00e7\u00e3o para as taxas cobradas pelas institui\u00e7\u00f5es operadoras. A tabela dos juros aplicados por cada uma delas est\u00e1 dispon\u00edvel&nbsp;<strong><a href=\"https:\/\/www.fazenda.pr.gov.br\/Pagina\/Empresas-credenciadas-para-pagamento-do-IPVA-com-cartao-de-credito\" target=\"_blank\" rel=\"noreferrer noopener\">AQUI<\/a><\/strong>.<\/p>\n\n\n\n<p><strong>GOLPES&nbsp;<\/strong>\u2013 A Secretaria da Fazenda alerta os contribuintes sobre a exist\u00eancia de sites falsos relacionados \u00e0 cobran\u00e7a do IPVA. A recomenda\u00e7\u00e3o \u00e9 que as guias de pagamento sejam sempre geradas atrav\u00e9s dos sites oficiais, cujos endere\u00e7os terminam com a extens\u00e3o \u201c<strong>pr.gov.br<\/strong>\u201d, ou por meio dos apps da Receita Estadual e do Detran, que fornecem formas seguras de realizar os pagamentos.<\/p>\n","protected":false},"excerpt":{"rendered":"<p>O prazo para pagamento da terceira parcela do Imposto sobre a Propriedade de Ve\u00edculos Automotores (IPVA) 2025 para propriet\u00e1rios de ve\u00edculos com placas de final 7 e 8 encerra nesta ter\u00e7a-feira (25). A data marca o rein\u00edcio do calend\u00e1rio de pagamentos, que seguir\u00e1 at\u00e9 a pr\u00f3xima semana para os demais motoristas. Os vencimentos da terceira [&hellip;]<\/p>\n","protected":false},"author":2,"featured_media":35749,"comment_status":"open","ping_status":"open","sticky":false,"template":"","format":"standard","meta":{"footnotes":""},"categories":[7],"tags":[172],"class_list":["post-35951","post","type-post","status-publish","format-standard","has-post-thumbnail","hentry","category-geral","tag-featured"],"amp_enabled":true,"_links":{"self":[{"href":"https:\/\/radiostudiow.com.br\/site\/wp-json\/wp\/v2\/posts\/35951","targetHints":{"allow":["GET"]}}],"collection":[{"href":"https:\/\/radiostudiow.com.br\/site\/wp-json\/wp\/v2\/posts"}],"about":[{"href":"https:\/\/radiostudiow.com.br\/site\/wp-json\/wp\/v2\/types\/post"}],"author":[{"embeddable":true,"href":"https:\/\/radiostudiow.com.br\/site\/wp-json\/wp\/v2\/users\/2"}],"replies":[{"embeddable":true,"href":"https:\/\/radiostudiow.com.br\/site\/wp-json\/wp\/v2\/comments?post=35951"}],"version-history":[{"count":1,"href":"https:\/\/radiostudiow.com.br\/site\/wp-json\/wp\/v2\/posts\/35951\/revisions"}],"predecessor-version":[{"id":35952,"href":"https:\/\/radiostudiow.com.br\/site\/wp-json\/wp\/v2\/posts\/35951\/revisions\/35952"}],"wp:featuredmedia":[{"embeddable":true,"href":"https:\/\/radiostudiow.com.br\/site\/wp-json\/wp\/v2\/media\/35749"}],"wp:attachment":[{"href":"https:\/\/radiostudiow.com.br\/site\/wp-json\/wp\/v2\/media?parent=35951"}],"wp:term":[{"taxonomy":"category","embeddable":true,"href":"https:\/\/radiostudiow.com.br\/site\/wp-json\/wp\/v2\/categories?post=35951"},{"taxonomy":"post_tag","embeddable":true,"href":"https:\/\/radiostudiow.com.br\/site\/wp-json\/wp\/v2\/tags?post=35951"}],"curies":[{"name":"wp","href":"https:\/\/api.w.org\/{rel}","templated":true}]}}