{"id":35955,"date":"2025-03-25T16:15:38","date_gmt":"2025-03-25T19:15:38","guid":{"rendered":"https:\/\/radiostudiow.com.br\/site\/?p=35955"},"modified":"2025-03-25T16:15:38","modified_gmt":"2025-03-25T19:15:38","slug":"jovem-fica-ferido-em-acidente-entre-motocicleta-e-maquina-da-prefeitura-na-pr-281","status":"publish","type":"post","link":"https:\/\/radiostudiow.com.br\/site\/2025\/03\/25\/jovem-fica-ferido-em-acidente-entre-motocicleta-e-maquina-da-prefeitura-na-pr-281\/","title":{"rendered":"Jovem fica ferido em acidente entre motocicleta e m\u00e1quina da Prefeitura na PR-281"},"content":{"rendered":"\n<p>Na manh\u00e3 desta ter\u00e7a-feira (25), um acidente foi registrado na PR-281, na Col\u00f4nia Eufrozina, pr\u00f3ximo ao distrito de Rio Claro.<\/p>\n\n\n\n<p>De acordo com informa\u00e7\u00f5es preliminares, um jovem que pilotava uma motocicleta colidiu contra uma m\u00e1quina da Prefeitura de S\u00e3o Mateus do Sul que realizava servi\u00e7os em frente a uma propriedade local.<\/p>\n\n\n\n<figure class=\"wp-block-image size-full\"><img loading=\"lazy\" decoding=\"async\" width=\"897\" height=\"204\" src=\"https:\/\/radiostudiow.com.br\/site\/wp-content\/uploads\/2025\/03\/image-62.png\" alt=\"\" class=\"wp-image-35859\" srcset=\"https:\/\/radiostudiow.com.br\/site\/wp-content\/uploads\/2025\/03\/image-62.png 897w, https:\/\/radiostudiow.com.br\/site\/wp-content\/uploads\/2025\/03\/image-62-300x68.png 300w, https:\/\/radiostudiow.com.br\/site\/wp-content\/uploads\/2025\/03\/image-62-768x175.png 768w\" sizes=\"auto, (max-width: 897px) 100vw, 897px\" \/><\/figure>\n\n\n\n<p>O Servi\u00e7o de Atendimento M\u00f3vel de Urg\u00eancia (SAMU) foi acionado e prestou os primeiros socorros no local.<\/p>\n\n\n\n<p>Devido \u00e0 gravidade dos ferimentos, a v\u00edtima foi encaminhada para uma unidade hospitalar.<\/p>\n\n\n\n<p>O jovem \u00e9 morador da comunidade da Col\u00f4nia Eufrozina.<\/p>\n\n\n\n<p>N\u00e3o h\u00e1 informa\u00e7\u00f5es atualizadas sobre seu estado de sa\u00fade.<\/p>\n\n\n\n<figure class=\"wp-block-image size-full\"><img loading=\"lazy\" decoding=\"async\" width=\"897\" height=\"204\" src=\"https:\/\/radiostudiow.com.br\/site\/wp-content\/uploads\/2025\/01\/SITE-GRANDE2.png\" alt=\"\" class=\"wp-image-32805\" srcset=\"https:\/\/radiostudiow.com.br\/site\/wp-content\/uploads\/2025\/01\/SITE-GRANDE2.png 897w, https:\/\/radiostudiow.com.br\/site\/wp-content\/uploads\/2025\/01\/SITE-GRANDE2-300x68.png 300w, https:\/\/radiostudiow.com.br\/site\/wp-content\/uploads\/2025\/01\/SITE-GRANDE2-768x175.png 768w\" sizes=\"auto, (max-width: 897px) 100vw, 897px\" \/><\/figure>\n\n\n\n<p>Fonte: P\u00e1gina Rio Claro<\/p>\n","protected":false},"excerpt":{"rendered":"<p>Na manh\u00e3 desta ter\u00e7a-feira (25), um acidente foi registrado na PR-281, na Col\u00f4nia Eufrozina, pr\u00f3ximo ao distrito de Rio Claro. De acordo com informa\u00e7\u00f5es preliminares, um jovem que pilotava uma motocicleta colidiu contra uma m\u00e1quina da Prefeitura de S\u00e3o Mateus do Sul que realizava servi\u00e7os em frente a uma propriedade local. O Servi\u00e7o de Atendimento [&hellip;]<\/p>\n","protected":false},"author":2,"featured_media":35956,"comment_status":"open","ping_status":"open","sticky":false,"template":"","format":"standard","meta":{"footnotes":""},"categories":[184],"tags":[172],"class_list":["post-35955","post","type-post","status-publish","format-standard","has-post-thumbnail","hentry","category-local","tag-featured"],"amp_enabled":true,"_links":{"self":[{"href":"https:\/\/radiostudiow.com.br\/site\/wp-json\/wp\/v2\/posts\/35955","targetHints":{"allow":["GET"]}}],"collection":[{"href":"https:\/\/radiostudiow.com.br\/site\/wp-json\/wp\/v2\/posts"}],"about":[{"href":"https:\/\/radiostudiow.com.br\/site\/wp-json\/wp\/v2\/types\/post"}],"author":[{"embeddable":true,"href":"https:\/\/radiostudiow.com.br\/site\/wp-json\/wp\/v2\/users\/2"}],"replies":[{"embeddable":true,"href":"https:\/\/radiostudiow.com.br\/site\/wp-json\/wp\/v2\/comments?post=35955"}],"version-history":[{"count":1,"href":"https:\/\/radiostudiow.com.br\/site\/wp-json\/wp\/v2\/posts\/35955\/revisions"}],"predecessor-version":[{"id":35957,"href":"https:\/\/radiostudiow.com.br\/site\/wp-json\/wp\/v2\/posts\/35955\/revisions\/35957"}],"wp:featuredmedia":[{"embeddable":true,"href":"https:\/\/radiostudiow.com.br\/site\/wp-json\/wp\/v2\/media\/35956"}],"wp:attachment":[{"href":"https:\/\/radiostudiow.com.br\/site\/wp-json\/wp\/v2\/media?parent=35955"}],"wp:term":[{"taxonomy":"category","embeddable":true,"href":"https:\/\/radiostudiow.com.br\/site\/wp-json\/wp\/v2\/categories?post=35955"},{"taxonomy":"post_tag","embeddable":true,"href":"https:\/\/radiostudiow.com.br\/site\/wp-json\/wp\/v2\/tags?post=35955"}],"curies":[{"name":"wp","href":"https:\/\/api.w.org\/{rel}","templated":true}]}}