{"id":35973,"date":"2025-03-25T21:24:40","date_gmt":"2025-03-26T00:24:40","guid":{"rendered":"https:\/\/radiostudiow.com.br\/site\/?p=35973"},"modified":"2025-03-25T21:24:40","modified_gmt":"2025-03-26T00:24:40","slug":"veiculo-caido-as-margens-da-br-153-em-rio-azul-mobiliza-motoristas-e-equipes-de-resgate","status":"publish","type":"post","link":"https:\/\/radiostudiow.com.br\/site\/2025\/03\/25\/veiculo-caido-as-margens-da-br-153-em-rio-azul-mobiliza-motoristas-e-equipes-de-resgate\/","title":{"rendered":"Ve\u00edculo ca\u00eddo \u00e0s margens da BR-153 \u00a0em Rio Azul, mobiliza motoristas e equipes de resgate"},"content":{"rendered":"\n<p>Na tarde desta ter\u00e7a-feira (25), quem trafegava pela BR-153, na altura do quil\u00f4metro 375, pr\u00f3ximo \u00e0 localidade de Serro Azul, em Rio Azul, foi surpreendido por um ve\u00edculo ca\u00eddo em uma entrada rural.<\/p>\n\n\n\n<p>A cena chamou a aten\u00e7\u00e3o dos condutores, que prontamente pararam para prestar ajuda, gerando preocupa\u00e7\u00e3o sobre a gravidade da situa\u00e7\u00e3o.<\/p>\n\n\n\n<figure class=\"wp-block-image size-full\"><img loading=\"lazy\" decoding=\"async\" width=\"897\" height=\"204\" src=\"https:\/\/radiostudiow.com.br\/site\/wp-content\/uploads\/2025\/03\/image-62.png\" alt=\"\" class=\"wp-image-35859\" srcset=\"https:\/\/radiostudiow.com.br\/site\/wp-content\/uploads\/2025\/03\/image-62.png 897w, https:\/\/radiostudiow.com.br\/site\/wp-content\/uploads\/2025\/03\/image-62-300x68.png 300w, https:\/\/radiostudiow.com.br\/site\/wp-content\/uploads\/2025\/03\/image-62-768x175.png 768w\" sizes=\"auto, (max-width: 897px) 100vw, 897px\" \/><\/figure>\n\n\n\n<p>Equipes dos Brigadistas Comunit\u00e1rios do Munic\u00edpio de Mallet foram acionadas e se direcionavam at\u00e9 o local.<\/p>\n\n\n\n<p>No entanto foram informados pelo Sargento do Corpo de Bombeiros Joaquim Pacholak que passava pelo local que, felizmente, n\u00e3o houve feridos.<\/p>\n\n\n\n<p>O condutor, um morador da localidade de Guamirim, no munic\u00edpio de Irati, teria se confundido ao entrar na via rural, fazendo com que seu Fiat P\u00e1lio sa\u00edsse da estrada e ficasse inclinado, com a parte traseira para cima.<\/p>\n\n\n\n<p>A imagem do ve\u00edculo acidentado causou a impress\u00e3o inicial de um incidente grave. Apesar do susto, o motorista saiu ileso, apresentando apenas sinais de desorienta\u00e7\u00e3o. Ele recebeu ajuda de condutores que passavam pelo local, que tamb\u00e9m auxiliaram na remo\u00e7\u00e3o do carro da lateral da pista para evitar novos acidentes.<\/p>\n\n\n\n<figure class=\"wp-block-image size-full\"><img loading=\"lazy\" decoding=\"async\" width=\"900\" height=\"408\" src=\"https:\/\/radiostudiow.com.br\/site\/wp-content\/uploads\/2025\/03\/SITE-E-TV-1.png\" alt=\"\" class=\"wp-image-35744\" srcset=\"https:\/\/radiostudiow.com.br\/site\/wp-content\/uploads\/2025\/03\/SITE-E-TV-1.png 900w, https:\/\/radiostudiow.com.br\/site\/wp-content\/uploads\/2025\/03\/SITE-E-TV-1-300x136.png 300w, https:\/\/radiostudiow.com.br\/site\/wp-content\/uploads\/2025\/03\/SITE-E-TV-1-768x348.png 768w\" sizes=\"auto, (max-width: 900px) 100vw, 900px\" \/><\/figure>\n","protected":false},"excerpt":{"rendered":"<p>Na tarde desta ter\u00e7a-feira (25), quem trafegava pela BR-153, na altura do quil\u00f4metro 375, pr\u00f3ximo \u00e0 localidade de Serro Azul, em Rio Azul, foi surpreendido por um ve\u00edculo ca\u00eddo em uma entrada rural. A cena chamou a aten\u00e7\u00e3o dos condutores, que prontamente pararam para prestar ajuda, gerando preocupa\u00e7\u00e3o sobre a gravidade da situa\u00e7\u00e3o. Equipes dos [&hellip;]<\/p>\n","protected":false},"author":2,"featured_media":35977,"comment_status":"open","ping_status":"open","sticky":false,"template":"","format":"standard","meta":{"footnotes":""},"categories":[184],"tags":[172],"class_list":["post-35973","post","type-post","status-publish","format-standard","has-post-thumbnail","hentry","category-local","tag-featured"],"amp_enabled":true,"_links":{"self":[{"href":"https:\/\/radiostudiow.com.br\/site\/wp-json\/wp\/v2\/posts\/35973","targetHints":{"allow":["GET"]}}],"collection":[{"href":"https:\/\/radiostudiow.com.br\/site\/wp-json\/wp\/v2\/posts"}],"about":[{"href":"https:\/\/radiostudiow.com.br\/site\/wp-json\/wp\/v2\/types\/post"}],"author":[{"embeddable":true,"href":"https:\/\/radiostudiow.com.br\/site\/wp-json\/wp\/v2\/users\/2"}],"replies":[{"embeddable":true,"href":"https:\/\/radiostudiow.com.br\/site\/wp-json\/wp\/v2\/comments?post=35973"}],"version-history":[{"count":1,"href":"https:\/\/radiostudiow.com.br\/site\/wp-json\/wp\/v2\/posts\/35973\/revisions"}],"predecessor-version":[{"id":35978,"href":"https:\/\/radiostudiow.com.br\/site\/wp-json\/wp\/v2\/posts\/35973\/revisions\/35978"}],"wp:featuredmedia":[{"embeddable":true,"href":"https:\/\/radiostudiow.com.br\/site\/wp-json\/wp\/v2\/media\/35977"}],"wp:attachment":[{"href":"https:\/\/radiostudiow.com.br\/site\/wp-json\/wp\/v2\/media?parent=35973"}],"wp:term":[{"taxonomy":"category","embeddable":true,"href":"https:\/\/radiostudiow.com.br\/site\/wp-json\/wp\/v2\/categories?post=35973"},{"taxonomy":"post_tag","embeddable":true,"href":"https:\/\/radiostudiow.com.br\/site\/wp-json\/wp\/v2\/tags?post=35973"}],"curies":[{"name":"wp","href":"https:\/\/api.w.org\/{rel}","templated":true}]}}