{"id":35995,"date":"2025-03-26T10:16:40","date_gmt":"2025-03-26T13:16:40","guid":{"rendered":"https:\/\/radiostudiow.com.br\/site\/?p=35995"},"modified":"2025-03-26T10:16:40","modified_gmt":"2025-03-26T13:16:40","slug":"homem-e-autuado-pela-policia-militar-ambiental-por-deposito-irregular-de-madeiras-em-irati","status":"publish","type":"post","link":"https:\/\/radiostudiow.com.br\/site\/2025\/03\/26\/homem-e-autuado-pela-policia-militar-ambiental-por-deposito-irregular-de-madeiras-em-irati\/","title":{"rendered":"HOMEM \u00c9 AUTUADO PELA POL\u00cdCIA MILITAR AMBIENTAL POR DEP\u00d3SITO IRREGULAR DE MADEIRAS EM IRATI"},"content":{"rendered":"\n<p>Nesta ter\u00e7a-feira dia 25 de mar\u00e7o em atendimento a den\u00fancia, policiais militares ambientais constataram em uma propriedade no munic\u00edpio de Irati, na localidade do Robinho, armazenamento irregular de madeiras beneficiadas de esp\u00e9cies nativas, entre elas pinheiro arauc\u00e1ria e imbuia \u2013 esp\u00e9cies amea\u00e7adas de extin\u00e7\u00e3o.<\/p>\n\n\n\n<p>Devido o respons\u00e1vel n\u00e3o possuir o documento de origem florestal \u2013 DOF, foi lavrado em seu desfavor um termo circunstanciado por ter em dep\u00f3sito madeira sem licen\u00e7a, autuado administrativamente e a madeira apreendida.<\/p>\n\n\n\n<figure class=\"wp-block-image size-full\"><img loading=\"lazy\" decoding=\"async\" width=\"897\" height=\"204\" src=\"https:\/\/radiostudiow.com.br\/site\/wp-content\/uploads\/2025\/03\/BARAO-NOVO-NOTICIAS-1.jpg\" alt=\"\" class=\"wp-image-35084\" srcset=\"https:\/\/radiostudiow.com.br\/site\/wp-content\/uploads\/2025\/03\/BARAO-NOVO-NOTICIAS-1.jpg 897w, https:\/\/radiostudiow.com.br\/site\/wp-content\/uploads\/2025\/03\/BARAO-NOVO-NOTICIAS-1-300x68.jpg 300w, https:\/\/radiostudiow.com.br\/site\/wp-content\/uploads\/2025\/03\/BARAO-NOVO-NOTICIAS-1-768x175.jpg 768w\" sizes=\"auto, (max-width: 897px) 100vw, 897px\" \/><\/figure>\n\n\n\n<p>Resultado:<\/p>\n\n\n\n<p>\u2705 01 termo circunstanciado;<br>\u2705 30.,22 Metros c\u00fabicos de imbuia;<br>\u2705 5,04 metros c\u00fabicos de pinheiro arauc\u00e1ria;<br>\u2705 0,81 metro c\u00fabico de angico;<br>\u2705 auto de infra\u00e7\u00e3o ambiental no valor de R$ 9.300,00;<\/p>\n\n\n\n<p><em>Pol\u00edcia Militar do Paran\u00e1, n\u00f3s fazemos a diferen\u00e7a!<\/em><\/p>\n\n\n\n<figure class=\"wp-block-image size-large\"><img loading=\"lazy\" decoding=\"async\" width=\"1024\" height=\"768\" src=\"https:\/\/radiostudiow.com.br\/site\/wp-content\/uploads\/2025\/03\/image-76-1024x768.png\" alt=\"\" class=\"wp-image-35997\" srcset=\"https:\/\/radiostudiow.com.br\/site\/wp-content\/uploads\/2025\/03\/image-76-1024x768.png 1024w, https:\/\/radiostudiow.com.br\/site\/wp-content\/uploads\/2025\/03\/image-76-300x225.png 300w, https:\/\/radiostudiow.com.br\/site\/wp-content\/uploads\/2025\/03\/image-76-768x576.png 768w, https:\/\/radiostudiow.com.br\/site\/wp-content\/uploads\/2025\/03\/image-76.png 1280w\" sizes=\"auto, (max-width: 1024px) 100vw, 1024px\" \/><\/figure>\n","protected":false},"excerpt":{"rendered":"<p>Nesta ter\u00e7a-feira dia 25 de mar\u00e7o em atendimento a den\u00fancia, policiais militares ambientais constataram em uma propriedade no munic\u00edpio de Irati, na localidade do Robinho, armazenamento irregular de madeiras beneficiadas de esp\u00e9cies nativas, entre elas pinheiro arauc\u00e1ria e imbuia \u2013 esp\u00e9cies amea\u00e7adas de extin\u00e7\u00e3o. Devido o respons\u00e1vel n\u00e3o possuir o documento de origem florestal \u2013 [&hellip;]<\/p>\n","protected":false},"author":2,"featured_media":35996,"comment_status":"open","ping_status":"open","sticky":false,"template":"","format":"standard","meta":{"footnotes":""},"categories":[2],"tags":[172],"class_list":["post-35995","post","type-post","status-publish","format-standard","has-post-thumbnail","hentry","category-policial","tag-featured"],"amp_enabled":true,"_links":{"self":[{"href":"https:\/\/radiostudiow.com.br\/site\/wp-json\/wp\/v2\/posts\/35995","targetHints":{"allow":["GET"]}}],"collection":[{"href":"https:\/\/radiostudiow.com.br\/site\/wp-json\/wp\/v2\/posts"}],"about":[{"href":"https:\/\/radiostudiow.com.br\/site\/wp-json\/wp\/v2\/types\/post"}],"author":[{"embeddable":true,"href":"https:\/\/radiostudiow.com.br\/site\/wp-json\/wp\/v2\/users\/2"}],"replies":[{"embeddable":true,"href":"https:\/\/radiostudiow.com.br\/site\/wp-json\/wp\/v2\/comments?post=35995"}],"version-history":[{"count":1,"href":"https:\/\/radiostudiow.com.br\/site\/wp-json\/wp\/v2\/posts\/35995\/revisions"}],"predecessor-version":[{"id":35998,"href":"https:\/\/radiostudiow.com.br\/site\/wp-json\/wp\/v2\/posts\/35995\/revisions\/35998"}],"wp:featuredmedia":[{"embeddable":true,"href":"https:\/\/radiostudiow.com.br\/site\/wp-json\/wp\/v2\/media\/35996"}],"wp:attachment":[{"href":"https:\/\/radiostudiow.com.br\/site\/wp-json\/wp\/v2\/media?parent=35995"}],"wp:term":[{"taxonomy":"category","embeddable":true,"href":"https:\/\/radiostudiow.com.br\/site\/wp-json\/wp\/v2\/categories?post=35995"},{"taxonomy":"post_tag","embeddable":true,"href":"https:\/\/radiostudiow.com.br\/site\/wp-json\/wp\/v2\/tags?post=35995"}],"curies":[{"name":"wp","href":"https:\/\/api.w.org\/{rel}","templated":true}]}}