{"id":35999,"date":"2025-03-26T11:52:57","date_gmt":"2025-03-26T14:52:57","guid":{"rendered":"https:\/\/radiostudiow.com.br\/site\/?p=35999"},"modified":"2025-03-26T11:52:57","modified_gmt":"2025-03-26T14:52:57","slug":"pcpr-prende-em-colombo-foragido-ha-20-anos-de-feminicidio-ocorrido-em-imbituva","status":"publish","type":"post","link":"https:\/\/radiostudiow.com.br\/site\/2025\/03\/26\/pcpr-prende-em-colombo-foragido-ha-20-anos-de-feminicidio-ocorrido-em-imbituva\/","title":{"rendered":"PCPR prende em colombo foragido h\u00e1 20 anos de feminic\u00eddio ocorrido em Imbituva"},"content":{"rendered":"\n<p>A captura ocorreu na manh\u00e3 de hoje (26) no munic\u00edpio de Colombo, regi\u00e3o metropolitana de Curitiba.<br>Pedro Ivan de Morais (atualmente com 54 anos de idade) teria esfaqueado sua esposa, em meados do ano de 2005, at\u00e9 a morte e havia se evadido de Imbituva passando a ter uma nova vida e constituindo fam\u00edlia na cidade onde foi capturado.<\/p>\n\n\n\n<p>Ap\u00f3s intensa investiga\u00e7\u00e3o, policiais civis de Imbituva lograram \u00eaxito em prend\u00ea-lo para que responda pelo crime praticado.<br>O preso foi entregue na Cadeia P\u00fablica de Curitiba onde permanecer\u00e1 \u00e0 disposi\u00e7\u00e3o do Poder Judici\u00e1rio.<\/p>\n\n\n\n<figure class=\"wp-block-image size-full\"><img loading=\"lazy\" decoding=\"async\" width=\"897\" height=\"204\" src=\"https:\/\/radiostudiow.com.br\/site\/wp-content\/uploads\/2025\/03\/image-62.png\" alt=\"\" class=\"wp-image-35859\" srcset=\"https:\/\/radiostudiow.com.br\/site\/wp-content\/uploads\/2025\/03\/image-62.png 897w, https:\/\/radiostudiow.com.br\/site\/wp-content\/uploads\/2025\/03\/image-62-300x68.png 300w, https:\/\/radiostudiow.com.br\/site\/wp-content\/uploads\/2025\/03\/image-62-768x175.png 768w\" sizes=\"auto, (max-width: 897px) 100vw, 897px\" \/><\/figure>\n\n\n\n<p>DENUNCIAS \u2013 A PCPR solicita a colabora\u00e7\u00e3o da popula\u00e7\u00e3o com informa\u00e7\u00f5es que auxiliem na localiza\u00e7\u00e3o de foragidos da justi\u00e7a e elucida\u00e7\u00e3o de crimes.<\/p>\n\n\n\n<p>As denuncias podem ser feitas de forma an\u00f4nima, pelo n\u00fameros 197, da PCPR 181 do Disque-Den\u00fancia ou (42) 3436-1177 diretamente \u00e0 equipe de investiga\u00e7\u00e3o.<\/p>\n","protected":false},"excerpt":{"rendered":"<p>A captura ocorreu na manh\u00e3 de hoje (26) no munic\u00edpio de Colombo, regi\u00e3o metropolitana de Curitiba.Pedro Ivan de Morais (atualmente com 54 anos de idade) teria esfaqueado sua esposa, em meados do ano de 2005, at\u00e9 a morte e havia se evadido de Imbituva passando a ter uma nova vida e constituindo fam\u00edlia na cidade [&hellip;]<\/p>\n","protected":false},"author":2,"featured_media":36000,"comment_status":"open","ping_status":"open","sticky":false,"template":"","format":"standard","meta":{"footnotes":""},"categories":[2],"tags":[172],"class_list":["post-35999","post","type-post","status-publish","format-standard","has-post-thumbnail","hentry","category-policial","tag-featured"],"amp_enabled":true,"_links":{"self":[{"href":"https:\/\/radiostudiow.com.br\/site\/wp-json\/wp\/v2\/posts\/35999","targetHints":{"allow":["GET"]}}],"collection":[{"href":"https:\/\/radiostudiow.com.br\/site\/wp-json\/wp\/v2\/posts"}],"about":[{"href":"https:\/\/radiostudiow.com.br\/site\/wp-json\/wp\/v2\/types\/post"}],"author":[{"embeddable":true,"href":"https:\/\/radiostudiow.com.br\/site\/wp-json\/wp\/v2\/users\/2"}],"replies":[{"embeddable":true,"href":"https:\/\/radiostudiow.com.br\/site\/wp-json\/wp\/v2\/comments?post=35999"}],"version-history":[{"count":1,"href":"https:\/\/radiostudiow.com.br\/site\/wp-json\/wp\/v2\/posts\/35999\/revisions"}],"predecessor-version":[{"id":36001,"href":"https:\/\/radiostudiow.com.br\/site\/wp-json\/wp\/v2\/posts\/35999\/revisions\/36001"}],"wp:featuredmedia":[{"embeddable":true,"href":"https:\/\/radiostudiow.com.br\/site\/wp-json\/wp\/v2\/media\/36000"}],"wp:attachment":[{"href":"https:\/\/radiostudiow.com.br\/site\/wp-json\/wp\/v2\/media?parent=35999"}],"wp:term":[{"taxonomy":"category","embeddable":true,"href":"https:\/\/radiostudiow.com.br\/site\/wp-json\/wp\/v2\/categories?post=35999"},{"taxonomy":"post_tag","embeddable":true,"href":"https:\/\/radiostudiow.com.br\/site\/wp-json\/wp\/v2\/tags?post=35999"}],"curies":[{"name":"wp","href":"https:\/\/api.w.org\/{rel}","templated":true}]}}