{"id":36013,"date":"2025-03-26T17:08:06","date_gmt":"2025-03-26T20:08:06","guid":{"rendered":"https:\/\/radiostudiow.com.br\/site\/?p=36013"},"modified":"2025-03-26T17:08:06","modified_gmt":"2025-03-26T20:08:06","slug":"guarda-municipal-de-ponta-grossa-prende-mae-suspeita-de-aliciar-filha-em-troca-de-drogas","status":"publish","type":"post","link":"https:\/\/radiostudiow.com.br\/site\/2025\/03\/26\/guarda-municipal-de-ponta-grossa-prende-mae-suspeita-de-aliciar-filha-em-troca-de-drogas\/","title":{"rendered":"Guarda Municipal de Ponta Grossa Prende M\u00e3e Suspeita de Aliciar Filha em Troca de Drogas"},"content":{"rendered":"\n<p><\/p>\n\n\n\n<p>Na noite desta ter\u00e7a-feira (25), a Guarda Civil Municipal de Ponta Grossa, em apoio ao Conselho Tutelar, prendeu uma mulher suspeita de aliciar suas pr\u00f3prias filhas menores em troca de drogas. O caso ocorreu no bairro Neves e gerou grande como\u00e7\u00e3o.<\/p>\n\n\n\n<p>Segundo informa\u00e7\u00f5es do Conselho Tutelar, uma adolescente de 14 anos, que est\u00e1 gr\u00e1vida, relatou \u00e0s autoridades que sua m\u00e3e a aliciava em troca de entorpecentes para consumo pr\u00f3prio. <\/p>\n\n\n\n<p>A equipe da Guarda Civil Municipal (GAT Echo) foi acionada para prestar apoio na ocorr\u00eancia.<\/p>\n\n\n\n<p><\/p>\n\n\n\n<figure class=\"wp-block-image size-full\"><img loading=\"lazy\" decoding=\"async\" width=\"598\" height=\"204\" src=\"https:\/\/radiostudiow.com.br\/site\/wp-content\/uploads\/2024\/10\/labirati.png\" alt=\"\" class=\"wp-image-28854\" srcset=\"https:\/\/radiostudiow.com.br\/site\/wp-content\/uploads\/2024\/10\/labirati.png 598w, https:\/\/radiostudiow.com.br\/site\/wp-content\/uploads\/2024\/10\/labirati-300x102.png 300w\" sizes=\"auto, (max-width: 598px) 100vw, 598px\" \/><\/figure>\n\n\n\n<p><\/p>\n\n\n\n<h3 class=\"wp-block-heading\"><strong>Seis Crian\u00e7as Foram Encontradas na Resid\u00eancia<\/strong><\/h3>\n\n\n\n<p>Ao chegarem ao local, os agentes encontraram seis meninas, sendo tr\u00eas adolescentes e tr\u00eas crian\u00e7as, uma delas portadora de autismo. Tamb\u00e9m estavam na casa dois homens adultos e a m\u00e3e das meninas.<\/p>\n\n\n\n<p>Durante a abordagem, os agentes visualizaram um prato sobre o fog\u00e3o contendo duas carreiras de subst\u00e2ncia an\u00e1loga \u00e0 coca\u00edna. <\/p>\n\n\n\n<p>Questionado, um homem de 21 anos assumiu ser o propriet\u00e1rio da droga e confirmou que fazia o uso do entorpecente na presen\u00e7a das crian\u00e7as.<\/p>\n\n\n\n<p>Ao ser interrogada, a m\u00e3e admitiu que tinha conhecimento do uso de drogas dentro de sua resid\u00eancia.<\/p>\n\n\n\n<p><\/p>\n\n\n\n<p><\/p>\n\n\n\n<figure class=\"wp-block-image size-full\"><img loading=\"lazy\" decoding=\"async\" width=\"897\" height=\"204\" src=\"https:\/\/radiostudiow.com.br\/site\/wp-content\/uploads\/2024\/01\/SITE-GRANDE3.png\" alt=\"zaions\" class=\"wp-image-18936\" srcset=\"https:\/\/radiostudiow.com.br\/site\/wp-content\/uploads\/2024\/01\/SITE-GRANDE3.png 897w, https:\/\/radiostudiow.com.br\/site\/wp-content\/uploads\/2024\/01\/SITE-GRANDE3-300x68.png 300w, https:\/\/radiostudiow.com.br\/site\/wp-content\/uploads\/2024\/01\/SITE-GRANDE3-768x175.png 768w\" sizes=\"auto, (max-width: 897px) 100vw, 897px\" \/><\/figure>\n\n\n\n<p><\/p>\n\n\n\n<h3 class=\"wp-block-heading\"><strong>Pris\u00e3o e Encaminhamento<\/strong><\/h3>\n\n\n\n<p>Diante dos fatos, os agentes deram voz de pris\u00e3o \u00e0 mulher e ao jovem de 21 anos. Ambos foram conduzidos para a 13\u00aa Subdivis\u00e3o Policial (SDP), onde permaneceram \u00e0 disposi\u00e7\u00e3o da Justi\u00e7a.<\/p>\n\n\n\n<p>O segundo homem presente na resid\u00eancia n\u00e3o portava nada de il\u00edcito e foi liberado no local.<\/p>\n\n\n\n<p>Quanto \u00e0s crian\u00e7as, a conselheira tutelar as encaminhou para a casa da av\u00f3 materna, onde ficar\u00e3o sob os devidos cuidados.<\/p>\n\n\n\n<p>A Guarda Municipal de Ponta Grossa segue acompanhando o caso e refor\u00e7a a import\u00e2ncia das den\u00fancias para garantir a seguran\u00e7a de menores em situa\u00e7\u00e3o de vulnerabilidade.<\/p>\n\n\n\n<p><\/p>\n\n\n\n<figure class=\"wp-block-image size-full\"><img decoding=\"async\" src=\"https:\/\/radiostudiow.com.br\/site\/wp-content\/uploads\/2024\/01\/SITE-GRANDE.png\" alt=\"\" class=\"wp-image-18949\"\/><\/figure>\n\n\n\n<p><strong>Fonte: Guarda Municipal de Ponta Grossa (GMPG)<\/strong><\/p>\n\n\n\n<p><strong>Colabora\u00e7\u00e3o: Rep\u00f3rter Kiko Oliveira<\/strong><\/p>\n","protected":false},"excerpt":{"rendered":"<p>Na noite desta ter\u00e7a-feira (25), a Guarda Civil Municipal de Ponta Grossa, em apoio ao Conselho Tutelar, prendeu uma mulher suspeita de aliciar suas pr\u00f3prias filhas menores em troca de drogas. O caso ocorreu no bairro Neves e gerou grande como\u00e7\u00e3o. Segundo informa\u00e7\u00f5es do Conselho Tutelar, uma adolescente de 14 anos, que est\u00e1 gr\u00e1vida, relatou [&hellip;]<\/p>\n","protected":false},"author":2,"featured_media":36014,"comment_status":"open","ping_status":"open","sticky":false,"template":"","format":"standard","meta":{"footnotes":""},"categories":[7],"tags":[172],"class_list":["post-36013","post","type-post","status-publish","format-standard","has-post-thumbnail","hentry","category-geral","tag-featured"],"amp_enabled":true,"_links":{"self":[{"href":"https:\/\/radiostudiow.com.br\/site\/wp-json\/wp\/v2\/posts\/36013","targetHints":{"allow":["GET"]}}],"collection":[{"href":"https:\/\/radiostudiow.com.br\/site\/wp-json\/wp\/v2\/posts"}],"about":[{"href":"https:\/\/radiostudiow.com.br\/site\/wp-json\/wp\/v2\/types\/post"}],"author":[{"embeddable":true,"href":"https:\/\/radiostudiow.com.br\/site\/wp-json\/wp\/v2\/users\/2"}],"replies":[{"embeddable":true,"href":"https:\/\/radiostudiow.com.br\/site\/wp-json\/wp\/v2\/comments?post=36013"}],"version-history":[{"count":1,"href":"https:\/\/radiostudiow.com.br\/site\/wp-json\/wp\/v2\/posts\/36013\/revisions"}],"predecessor-version":[{"id":36015,"href":"https:\/\/radiostudiow.com.br\/site\/wp-json\/wp\/v2\/posts\/36013\/revisions\/36015"}],"wp:featuredmedia":[{"embeddable":true,"href":"https:\/\/radiostudiow.com.br\/site\/wp-json\/wp\/v2\/media\/36014"}],"wp:attachment":[{"href":"https:\/\/radiostudiow.com.br\/site\/wp-json\/wp\/v2\/media?parent=36013"}],"wp:term":[{"taxonomy":"category","embeddable":true,"href":"https:\/\/radiostudiow.com.br\/site\/wp-json\/wp\/v2\/categories?post=36013"},{"taxonomy":"post_tag","embeddable":true,"href":"https:\/\/radiostudiow.com.br\/site\/wp-json\/wp\/v2\/tags?post=36013"}],"curies":[{"name":"wp","href":"https:\/\/api.w.org\/{rel}","templated":true}]}}