{"id":36020,"date":"2025-03-26T18:45:50","date_gmt":"2025-03-26T21:45:50","guid":{"rendered":"https:\/\/radiostudiow.com.br\/site\/?p=36020"},"modified":"2025-03-26T18:45:51","modified_gmt":"2025-03-26T21:45:51","slug":"pai-e-filha-ficam-feridos-em-grave-acidente-na-estrada-do-rio-vermelho","status":"publish","type":"post","link":"https:\/\/radiostudiow.com.br\/site\/2025\/03\/26\/pai-e-filha-ficam-feridos-em-grave-acidente-na-estrada-do-rio-vermelho\/","title":{"rendered":"Pai e Filha Ficam Feridos em Grave Acidente na Estrada do Rio Vermelho"},"content":{"rendered":"\n<p><\/p>\n\n\n\n<p>Na manh\u00e3 desta quarta-feira (26), um grave acidente de tr\u00e2nsito foi registrado na estrada que liga a comunidade do Rio Vermelho, interior de Uni\u00e3o da Vit\u00f3ria ao munic\u00edpio de Paulo Frontin.<\/p>\n\n\n\n<p>O acidente envolveu uma caminhonete ocupada por duas pessoas, um homem e sua filha.<\/p>\n\n\n\n<p>Ambos sofreram ferimentos moderados e foram socorridos para o Hospital Regional, onde receberam atendimento m\u00e9dico.<\/p>\n\n\n\n<p><\/p>\n\n\n\n<figure class=\"wp-block-image size-full\"><img loading=\"lazy\" decoding=\"async\" width=\"897\" height=\"204\" src=\"https:\/\/radiostudiow.com.br\/site\/wp-content\/uploads\/2025\/01\/SITE-GRANDE3.png\" alt=\"\" class=\"wp-image-32900\" srcset=\"https:\/\/radiostudiow.com.br\/site\/wp-content\/uploads\/2025\/01\/SITE-GRANDE3.png 897w, https:\/\/radiostudiow.com.br\/site\/wp-content\/uploads\/2025\/01\/SITE-GRANDE3-300x68.png 300w, https:\/\/radiostudiow.com.br\/site\/wp-content\/uploads\/2025\/01\/SITE-GRANDE3-768x175.png 768w\" sizes=\"auto, (max-width: 897px) 100vw, 897px\" \/><\/figure>\n\n\n\n<p><\/p>\n\n\n\n<p>Com o impacto da colis\u00e3o, o ve\u00edculo ficou praticamente destru\u00eddo. Ainda n\u00e3o foram divulgadas informa\u00e7\u00f5es sobre as causas do acidente.<\/p>\n","protected":false},"excerpt":{"rendered":"<p>Na manh\u00e3 desta quarta-feira (26), um grave acidente de tr\u00e2nsito foi registrado na estrada que liga a comunidade do Rio Vermelho, interior de Uni\u00e3o da Vit\u00f3ria ao munic\u00edpio de Paulo Frontin. O acidente envolveu uma caminhonete ocupada por duas pessoas, um homem e sua filha. Ambos sofreram ferimentos moderados e foram socorridos para o Hospital [&hellip;]<\/p>\n","protected":false},"author":2,"featured_media":36021,"comment_status":"open","ping_status":"open","sticky":false,"template":"","format":"standard","meta":{"footnotes":""},"categories":[185],"tags":[172],"class_list":["post-36020","post","type-post","status-publish","format-standard","has-post-thumbnail","hentry","category-regional","tag-featured"],"amp_enabled":true,"_links":{"self":[{"href":"https:\/\/radiostudiow.com.br\/site\/wp-json\/wp\/v2\/posts\/36020","targetHints":{"allow":["GET"]}}],"collection":[{"href":"https:\/\/radiostudiow.com.br\/site\/wp-json\/wp\/v2\/posts"}],"about":[{"href":"https:\/\/radiostudiow.com.br\/site\/wp-json\/wp\/v2\/types\/post"}],"author":[{"embeddable":true,"href":"https:\/\/radiostudiow.com.br\/site\/wp-json\/wp\/v2\/users\/2"}],"replies":[{"embeddable":true,"href":"https:\/\/radiostudiow.com.br\/site\/wp-json\/wp\/v2\/comments?post=36020"}],"version-history":[{"count":1,"href":"https:\/\/radiostudiow.com.br\/site\/wp-json\/wp\/v2\/posts\/36020\/revisions"}],"predecessor-version":[{"id":36024,"href":"https:\/\/radiostudiow.com.br\/site\/wp-json\/wp\/v2\/posts\/36020\/revisions\/36024"}],"wp:featuredmedia":[{"embeddable":true,"href":"https:\/\/radiostudiow.com.br\/site\/wp-json\/wp\/v2\/media\/36021"}],"wp:attachment":[{"href":"https:\/\/radiostudiow.com.br\/site\/wp-json\/wp\/v2\/media?parent=36020"}],"wp:term":[{"taxonomy":"category","embeddable":true,"href":"https:\/\/radiostudiow.com.br\/site\/wp-json\/wp\/v2\/categories?post=36020"},{"taxonomy":"post_tag","embeddable":true,"href":"https:\/\/radiostudiow.com.br\/site\/wp-json\/wp\/v2\/tags?post=36020"}],"curies":[{"name":"wp","href":"https:\/\/api.w.org\/{rel}","templated":true}]}}