{"id":36026,"date":"2025-03-26T19:09:11","date_gmt":"2025-03-26T22:09:11","guid":{"rendered":"https:\/\/radiostudiow.com.br\/site\/?p=36026"},"modified":"2025-03-26T19:09:12","modified_gmt":"2025-03-26T22:09:12","slug":"homem-e-encontrado-com-sinais-de-agressao-em-reboucas","status":"publish","type":"post","link":"https:\/\/radiostudiow.com.br\/site\/2025\/03\/26\/homem-e-encontrado-com-sinais-de-agressao-em-reboucas\/","title":{"rendered":"Homem \u00e9 encontrado com sinais de agress\u00e3o em Rebou\u00e7as"},"content":{"rendered":"\n<p>A equipe da Pol\u00edcia Militar de Rebou\u00e7as foi acionada  por volta das 12h25min desta ter\u00e7a-feira, 25 de mar\u00e7o, para atender a uma ocorr\u00eancia de agress\u00e3o no bairro Alto da Gl\u00f3ria.<\/p>\n\n\n\n<p>Segundo informa\u00e7\u00f5es preliminares, a ex-companheira da v\u00edtima relatou que, por volta das 11h30min do mesmo dia, visitou o homem e o encontrou desfalecido, com hematomas vis\u00edveis na face e cabe\u00e7a, al\u00e9m de apresentar sangramentos pelo rosto.<\/p>\n\n\n\n<p>Imediatamente, o Servi\u00e7o de Atendimento M\u00f3vel de Urg\u00eancia (SAMU) de Rio Azul foi acionado, prestando os primeiros socorros \u00e0 v\u00edtima. Durante a avalia\u00e7\u00e3o inicial, os profissionais de sa\u00fade observaram que os ferimentos n\u00e3o eram recentes, mas sim do dia anterior.<\/p>\n\n\n\n<p>A ex-companheira da v\u00edtima, em seu depoimento, informou que o homem tinha um compromisso importante no dia, relacionado ao recebimento de seu benef\u00edcio na lot\u00e9rica local, e suspeita que um indiv\u00edduo, que frequentemente se encontrava com ele, possa ser o respons\u00e1vel pelas agress\u00f5es. Ambos, segundo ela, costumam consumir bebidas alco\u00f3licas juntos, o que pode ter contribu\u00eddo para o desenrolar dos acontecimentos.<\/p>\n\n\n\n<p>Ap\u00f3s os primeiros atendimentos, a v\u00edtima foi encaminhada ao Hospital Dona Darcy. A Pol\u00edcia Militar registrou o fato e iniciou investiga\u00e7\u00f5es para esclarecer as circunst\u00e2ncias do caso, que segue sendo tratado com grande aten\u00e7\u00e3o.<\/p>\n\n\n\n<p>Com informa\u00e7\u00f5es da Pol\u00edcia Militar.<\/p>\n","protected":false},"excerpt":{"rendered":"<p>A equipe da Pol\u00edcia Militar de Rebou\u00e7as foi acionada por volta das 12h25min desta ter\u00e7a-feira, 25 de mar\u00e7o, para atender a uma ocorr\u00eancia de agress\u00e3o no bairro Alto da Gl\u00f3ria. Segundo informa\u00e7\u00f5es preliminares, a ex-companheira da v\u00edtima relatou que, por volta das 11h30min do mesmo dia, visitou o homem e o encontrou desfalecido, com hematomas [&hellip;]<\/p>\n","protected":false},"author":2,"featured_media":35298,"comment_status":"open","ping_status":"open","sticky":false,"template":"","format":"standard","meta":{"footnotes":""},"categories":[2],"tags":[172],"class_list":["post-36026","post","type-post","status-publish","format-standard","has-post-thumbnail","hentry","category-policial","tag-featured"],"amp_enabled":true,"_links":{"self":[{"href":"https:\/\/radiostudiow.com.br\/site\/wp-json\/wp\/v2\/posts\/36026","targetHints":{"allow":["GET"]}}],"collection":[{"href":"https:\/\/radiostudiow.com.br\/site\/wp-json\/wp\/v2\/posts"}],"about":[{"href":"https:\/\/radiostudiow.com.br\/site\/wp-json\/wp\/v2\/types\/post"}],"author":[{"embeddable":true,"href":"https:\/\/radiostudiow.com.br\/site\/wp-json\/wp\/v2\/users\/2"}],"replies":[{"embeddable":true,"href":"https:\/\/radiostudiow.com.br\/site\/wp-json\/wp\/v2\/comments?post=36026"}],"version-history":[{"count":1,"href":"https:\/\/radiostudiow.com.br\/site\/wp-json\/wp\/v2\/posts\/36026\/revisions"}],"predecessor-version":[{"id":36027,"href":"https:\/\/radiostudiow.com.br\/site\/wp-json\/wp\/v2\/posts\/36026\/revisions\/36027"}],"wp:featuredmedia":[{"embeddable":true,"href":"https:\/\/radiostudiow.com.br\/site\/wp-json\/wp\/v2\/media\/35298"}],"wp:attachment":[{"href":"https:\/\/radiostudiow.com.br\/site\/wp-json\/wp\/v2\/media?parent=36026"}],"wp:term":[{"taxonomy":"category","embeddable":true,"href":"https:\/\/radiostudiow.com.br\/site\/wp-json\/wp\/v2\/categories?post=36026"},{"taxonomy":"post_tag","embeddable":true,"href":"https:\/\/radiostudiow.com.br\/site\/wp-json\/wp\/v2\/tags?post=36026"}],"curies":[{"name":"wp","href":"https:\/\/api.w.org\/{rel}","templated":true}]}}