{"id":36028,"date":"2025-03-26T19:10:39","date_gmt":"2025-03-26T22:10:39","guid":{"rendered":"https:\/\/radiostudiow.com.br\/site\/?p=36028"},"modified":"2025-03-26T19:10:39","modified_gmt":"2025-03-26T22:10:39","slug":"homem-natural-de-irati-morre-em-confronto-com-a-policia-militar-de-castro","status":"publish","type":"post","link":"https:\/\/radiostudiow.com.br\/site\/2025\/03\/26\/homem-natural-de-irati-morre-em-confronto-com-a-policia-militar-de-castro\/","title":{"rendered":"Homem natural de Irati morre em confronto com a Pol\u00edcia Militar de Castro"},"content":{"rendered":"\n<p>A a\u00e7\u00e3o da Pol\u00edcia Militar foi realizada na Rua Aviador Lereni Malherbi Sinhori, Vila Santa Cruz em Castro.<\/p>\n\n\n\n<p>Segundo informa\u00e7\u00f5es contidas em boletim de ocorr\u00eancia, durante patrulhamento, em decorr\u00eancia de duas situa\u00e7\u00f5es de roubo ocorridas anteriormente, os militares tentaram realizar abordagem em um local do qual receberam informa\u00e7\u00f5es de que o autor teriase deslocado para trocar os trocar os produtos do roubo por drogas.<\/p>\n\n\n\n<p>Ao chegarem visualizaram um indiv\u00edduo e tentaram realizar a abordagem, n\u00e3o sendo a ordem acatada. O homem se evadiu para o interior de uma resid\u00eancia, momento em que acessou uma arma de fogo do tipo rev\u00f3lver .38 e apontou aos militares, os quais interviram.<\/p>\n\n\n\n<p>O indiv\u00edduo identificado como Ademir Jorge Batista Junior &nbsp;(37 anos) foi alvejado, sendo acionado socorro m\u00e9dico e encaminhado para a UPA, por\u00e9m n\u00e3o resistiu aos ferimentos e foi a \u00f3bito.<\/p>\n\n\n\n<p>Foram acionados \u00f3rg\u00e3os competentes, sendo constatado pela criminal\u00edstica que havia uma muni\u00e7\u00e3o deflagrada no armamento que estava de posse do individuo.<\/p>\n\n\n\n<p>O suspeito possu\u00eda mandado de pris\u00e3o expedido pela Vara Criminal de Irati em abril de 2024 e indicava pena de mais de sete anos de reclus\u00e3o. O cidad\u00e3o possui antecedentes por furto qualificado e recepta\u00e7\u00e3o.<\/p>\n\n\n\n<p>&nbsp;Com informa\u00e7\u00f5es fornecidas pela Pol\u00edcia Militar.<\/p>\n","protected":false},"excerpt":{"rendered":"<p>A a\u00e7\u00e3o da Pol\u00edcia Militar foi realizada na Rua Aviador Lereni Malherbi Sinhori, Vila Santa Cruz em Castro. Segundo informa\u00e7\u00f5es contidas em boletim de ocorr\u00eancia, durante patrulhamento, em decorr\u00eancia de duas situa\u00e7\u00f5es de roubo ocorridas anteriormente, os militares tentaram realizar abordagem em um local do qual receberam informa\u00e7\u00f5es de que o autor teriase deslocado para [&hellip;]<\/p>\n","protected":false},"author":2,"featured_media":36029,"comment_status":"open","ping_status":"open","sticky":false,"template":"","format":"standard","meta":{"footnotes":""},"categories":[2],"tags":[172],"class_list":["post-36028","post","type-post","status-publish","format-standard","has-post-thumbnail","hentry","category-policial","tag-featured"],"amp_enabled":true,"_links":{"self":[{"href":"https:\/\/radiostudiow.com.br\/site\/wp-json\/wp\/v2\/posts\/36028","targetHints":{"allow":["GET"]}}],"collection":[{"href":"https:\/\/radiostudiow.com.br\/site\/wp-json\/wp\/v2\/posts"}],"about":[{"href":"https:\/\/radiostudiow.com.br\/site\/wp-json\/wp\/v2\/types\/post"}],"author":[{"embeddable":true,"href":"https:\/\/radiostudiow.com.br\/site\/wp-json\/wp\/v2\/users\/2"}],"replies":[{"embeddable":true,"href":"https:\/\/radiostudiow.com.br\/site\/wp-json\/wp\/v2\/comments?post=36028"}],"version-history":[{"count":1,"href":"https:\/\/radiostudiow.com.br\/site\/wp-json\/wp\/v2\/posts\/36028\/revisions"}],"predecessor-version":[{"id":36030,"href":"https:\/\/radiostudiow.com.br\/site\/wp-json\/wp\/v2\/posts\/36028\/revisions\/36030"}],"wp:featuredmedia":[{"embeddable":true,"href":"https:\/\/radiostudiow.com.br\/site\/wp-json\/wp\/v2\/media\/36029"}],"wp:attachment":[{"href":"https:\/\/radiostudiow.com.br\/site\/wp-json\/wp\/v2\/media?parent=36028"}],"wp:term":[{"taxonomy":"category","embeddable":true,"href":"https:\/\/radiostudiow.com.br\/site\/wp-json\/wp\/v2\/categories?post=36028"},{"taxonomy":"post_tag","embeddable":true,"href":"https:\/\/radiostudiow.com.br\/site\/wp-json\/wp\/v2\/tags?post=36028"}],"curies":[{"name":"wp","href":"https:\/\/api.w.org\/{rel}","templated":true}]}}