{"id":36032,"date":"2025-03-26T21:17:29","date_gmt":"2025-03-27T00:17:29","guid":{"rendered":"https:\/\/radiostudiow.com.br\/site\/?p=36032"},"modified":"2025-03-27T23:00:11","modified_gmt":"2025-03-28T02:00:11","slug":"prefeitura-de-mallet-confirma-realizacao-da-25a-kiwi-fest-e-1a-agro-fest-com-expectativa-de-grandes-atracoes-em-shows-musicais","status":"publish","type":"post","link":"https:\/\/radiostudiow.com.br\/site\/2025\/03\/26\/prefeitura-de-mallet-confirma-realizacao-da-25a-kiwi-fest-e-1a-agro-fest-com-expectativa-de-grandes-atracoes-em-shows-musicais\/","title":{"rendered":"Prefeitura de Mallet Confirma Realiza\u00e7\u00e3o da 25\u00aa Kiwi Fest e 1\u00aa Agro Fest com Expectativa de Grandes Atra\u00e7\u00f5es em Shows Musicais"},"content":{"rendered":"\n<p><\/p>\n\n\n\n<p style=\"font-size:21px\">Ap\u00f3s muita espera e questionamentos por parte da popula\u00e7\u00e3o, a Prefeitura Municipal de Mallet confirmou oficialmente a realiza\u00e7\u00e3o da 25\u00aa Kiwi Fest e da 1\u00aa Agro Fest de Mallet.<\/p>\n\n\n\n<p style=\"font-size:21px\"><strong>Os eventos ocorrer\u00e3o entre os dias 02, 03 e 4 de maio de 2025, prometendo tr\u00eas dias de muita festa, gastronomia e grandes shows nacionais.<\/strong><\/p>\n\n\n\n<p style=\"font-size:21px\">A contrata\u00e7\u00e3o de uma empresa especializada para a execu\u00e7\u00e3o dos eventos ser\u00e1 anunciada ap\u00f3s a realiza\u00e7\u00e3o da Licita\u00e7\u00e3o por meio do edital n\u00ba 002\/2025, publicado na modalidade Preg\u00e3o Eletr\u00f4nico.<\/p>\n\n\n\n<p style=\"font-size:21px\">O recebimento de propostas ser\u00e1 realizado entre os dias 21 de mar\u00e7o e 7 de abril de 2025, com a abertura e julgamento marcados para as 14h do dia 7 de abril.<\/p>\n\n\n\n<p><\/p>\n\n\n\n<figure class=\"wp-block-image size-full\"><img loading=\"lazy\" decoding=\"async\" width=\"897\" height=\"204\" src=\"https:\/\/radiostudiow.com.br\/site\/wp-content\/uploads\/2025\/03\/image-62.png\" alt=\"\" class=\"wp-image-35859\" srcset=\"https:\/\/radiostudiow.com.br\/site\/wp-content\/uploads\/2025\/03\/image-62.png 897w, https:\/\/radiostudiow.com.br\/site\/wp-content\/uploads\/2025\/03\/image-62-300x68.png 300w, https:\/\/radiostudiow.com.br\/site\/wp-content\/uploads\/2025\/03\/image-62-768x175.png 768w\" sizes=\"auto, (max-width: 897px) 100vw, 897px\" \/><\/figure>\n\n\n\n<p><\/p>\n\n\n\n<h2 class=\"wp-block-heading\" style=\"font-size:25px\">Estrutura e Investimentos<\/h2>\n\n\n\n<p style=\"font-size:21px\">Conforme o edital a empresa ganhadora ter\u00e1 que proporcionar uma estrutura com palco externo, som e ilumina\u00e7\u00e3o de alta qualidade, um pavilh\u00e3o coberto de 20 x 60 metros, cinco tendas padronizadas de 10 x 10 metros e outras 11 tendas menores de 5&#215;5 metros, incluindo uma especialmente decorada para recep\u00e7\u00e3o de autoridades e convidados.<\/p>\n\n\n\n<p style=\"font-size:21px\">Al\u00e9m disso, est\u00e1 prevista uma grandiosa queima de fogos de artif\u00edcio, com dura\u00e7\u00e3o m\u00ednima de oito minutos, que promete encantar o p\u00fablico com um espet\u00e1culo de cores e luzes. Esse show pirot\u00e9cnico representar\u00e1 um<strong> investimento de quase R$ 24 mil,<\/strong> garantindo um momento especial e inesquec\u00edvel para os presentes. Um presente para a popula\u00e7\u00e3o.<\/p>\n\n\n\n<p style=\"font-size:21px\"><strong>O investimento inicial para a realiza\u00e7\u00e3o da festa gira em torno de R$ 350 mil, incluindo a infraestrutura necess\u00e1ria para garantir conforto e seguran\u00e7a ao p\u00fablico<\/strong>, porem deve cair um pouco o pre\u00e7o devido a disputa das empresas participantes.<\/p>\n\n\n\n<p><\/p>\n\n\n\n<figure class=\"wp-block-image size-full\"><img loading=\"lazy\" decoding=\"async\" width=\"897\" height=\"204\" src=\"https:\/\/radiostudiow.com.br\/site\/wp-content\/uploads\/2024\/08\/TIJOLAO.png\" alt=\"\" class=\"wp-image-25951\" srcset=\"https:\/\/radiostudiow.com.br\/site\/wp-content\/uploads\/2024\/08\/TIJOLAO.png 897w, https:\/\/radiostudiow.com.br\/site\/wp-content\/uploads\/2024\/08\/TIJOLAO-300x68.png 300w, https:\/\/radiostudiow.com.br\/site\/wp-content\/uploads\/2024\/08\/TIJOLAO-768x175.png 768w\" sizes=\"auto, (max-width: 897px) 100vw, 897px\" \/><\/figure>\n\n\n\n<p><\/p>\n\n\n\n<h2 class=\"wp-block-heading\" style=\"font-size:25px\">Grandes Shows para Todos os Gostos<\/h2>\n\n\n\n<p style=\"font-size:21px\">A programa\u00e7\u00e3o musical \u00e9 um dos grandes atrativos da 25\u00aa Kiwi Fest e da 1\u00aa Agro Fest, com artistas de renome nacional. <strong>Conforme descrito no edital, a empresa vencedora dever\u00e1 selecionar alguns dos nomes listados abaixo,<\/strong> para os tr\u00eas dias de evento:<\/p>\n\n\n\n<p style=\"font-size:21px\">\u2022&nbsp;&nbsp;&nbsp;&nbsp;&nbsp;&nbsp;&nbsp;&nbsp;&nbsp;<strong> Na sexta-feira dia 02 de maio teremos uma dessas op\u00e7\u00f5es de shows nacional as 21:00 horas:<\/strong><\/p>\n\n\n\n<p style=\"font-size:21px\">o&nbsp;&nbsp;&nbsp;&nbsp;&nbsp;&nbsp;&nbsp;&nbsp;&nbsp; Traia V\u00e9ia<\/p>\n\n\n\n<p style=\"font-size:21px\">o&nbsp;&nbsp;&nbsp;&nbsp;&nbsp;&nbsp;&nbsp;&nbsp;&nbsp; Os Monarcas<\/p>\n\n\n\n<p style=\"font-size:21px\">o&nbsp;&nbsp;&nbsp;&nbsp;&nbsp;&nbsp;&nbsp;&nbsp;&nbsp; Tch\u00ea Garotos<\/p>\n\n\n\n<p style=\"font-size:21px\">o&nbsp;&nbsp;&nbsp;&nbsp;&nbsp;&nbsp;&nbsp;&nbsp;&nbsp; Corpo e Alma<\/p>\n\n\n\n<p style=\"font-size:21px\">o&nbsp;&nbsp;&nbsp;&nbsp;&nbsp;&nbsp;&nbsp;&nbsp;&nbsp; Rainha Musical<\/p>\n\n\n\n<p style=\"font-size:21px\">o&nbsp;&nbsp;&nbsp;&nbsp;&nbsp;&nbsp;&nbsp;&nbsp;&nbsp; Grupo S\u00e3o Francisco<\/p>\n\n\n\n<p style=\"font-size:21px\">o&nbsp;&nbsp;&nbsp;&nbsp;&nbsp;&nbsp;&nbsp;&nbsp;&nbsp; Talaga\u00e7o<\/p>\n\n\n\n<p style=\"font-size:21px\">o&nbsp;&nbsp;&nbsp;&nbsp;&nbsp;&nbsp;&nbsp;&nbsp;&nbsp; Tch\u00ea Chaleira<\/p>\n\n\n\n<p style=\"font-size:21px\"><\/p>\n\n\n\n<p style=\"font-size:21px\">\u2022&nbsp;&nbsp;&nbsp;&nbsp;&nbsp;&nbsp;&nbsp;&nbsp;&nbsp; <strong>J\u00e1 no s\u00e1bado dia 03 de maio teremos um desses shows de bandas a n\u00edvel nacional as 22:00 horas.<\/strong><\/p>\n\n\n\n<p style=\"font-size:21px\">\u2022&nbsp;&nbsp;&nbsp;&nbsp;&nbsp;&nbsp;&nbsp;&nbsp;&nbsp; Chimarruts<\/p>\n\n\n\n<p style=\"font-size:21px\">\u2022&nbsp;&nbsp;&nbsp;&nbsp;&nbsp;&nbsp;&nbsp;&nbsp;&nbsp; Nenhum de N\u00f3s<\/p>\n\n\n\n<p style=\"font-size:21px\">\u2022&nbsp;&nbsp;&nbsp;&nbsp;&nbsp;&nbsp;&nbsp;&nbsp;&nbsp; Detonautas<\/p>\n\n\n\n<p style=\"font-size:21px\">\u2022&nbsp;&nbsp;&nbsp;&nbsp;&nbsp;&nbsp;&nbsp;&nbsp;&nbsp; CPM 22<\/p>\n\n\n\n<p style=\"font-size:21px\">\u2022&nbsp;&nbsp;&nbsp;&nbsp;&nbsp;&nbsp;&nbsp;&nbsp;&nbsp; Maskavo<\/p>\n\n\n\n<p style=\"font-size:21px\">\u2022&nbsp;&nbsp;&nbsp;&nbsp;&nbsp;&nbsp;&nbsp;&nbsp;&nbsp; Dazaranha<\/p>\n\n\n\n<p style=\"font-size:21px\"><strong>E pra fechar a festa no domingo dia 04 de maio de 2025 as 18:00 horas, o show nacional de encerramento da 25\u00aa Festa do Kiwi ser\u00e1 com uma dessas op\u00e7\u00f5es :<\/strong><\/p>\n\n\n\n<p style=\"font-size:21px\">\u2022&nbsp;&nbsp;&nbsp;&nbsp;&nbsp;&nbsp;&nbsp;&nbsp;&nbsp; Maiara e Maraisa<\/p>\n\n\n\n<p style=\"font-size:21px\">\u2022&nbsp;&nbsp;&nbsp;&nbsp;&nbsp;&nbsp;&nbsp;&nbsp;&nbsp;Guilherme e Benuto<\/p>\n\n\n\n<p style=\"font-size:21px\">\u2022&nbsp;&nbsp;&nbsp;&nbsp;&nbsp;&nbsp;&nbsp;&nbsp;&nbsp; Luan Santana<\/p>\n\n\n\n<p style=\"font-size:21px\">\u2022&nbsp;&nbsp;&nbsp;&nbsp;&nbsp;&nbsp;&nbsp;&nbsp;&nbsp;Fernando e Sorocaba<\/p>\n\n\n\n<p style=\"font-size:21px\">\u2022&nbsp;&nbsp;&nbsp;&nbsp;&nbsp;&nbsp;&nbsp;&nbsp;&nbsp; Lauana Prado<\/p>\n\n\n\n<p style=\"font-size:21px\">\u2022&nbsp;&nbsp;&nbsp;&nbsp;&nbsp;&nbsp;&nbsp;&nbsp;&nbsp; Mato Grosso e Mathias<\/p>\n\n\n\n<p style=\"font-size:21px\">\u2022&nbsp;&nbsp;&nbsp;&nbsp;&nbsp;&nbsp;&nbsp;&nbsp;&nbsp; Edson e Hudson<\/p>\n\n\n\n<p style=\"font-size:21px\">\u2022&nbsp;&nbsp;&nbsp;&nbsp;&nbsp;&nbsp;&nbsp;&nbsp;&nbsp; Rio Negro e Solim\u00f5es<\/p>\n\n\n\n<p style=\"font-size:21px\">\u2022&nbsp;&nbsp;&nbsp;&nbsp;&nbsp;&nbsp;&nbsp;&nbsp;&nbsp; Gian e Giovani<\/p>\n\n\n\n<p style=\"font-size:21px\">\u2022&nbsp;&nbsp;&nbsp;&nbsp;&nbsp;&nbsp;&nbsp;&nbsp;&nbsp; Rick e Renner<\/p>\n\n\n\n<p><\/p>\n\n\n\n<figure class=\"wp-block-image size-full\"><img loading=\"lazy\" decoding=\"async\" width=\"897\" height=\"204\" src=\"https:\/\/radiostudiow.com.br\/site\/wp-content\/uploads\/2025\/02\/SITE-GRANDE7.png\" alt=\"\" class=\"wp-image-33861\" srcset=\"https:\/\/radiostudiow.com.br\/site\/wp-content\/uploads\/2025\/02\/SITE-GRANDE7.png 897w, https:\/\/radiostudiow.com.br\/site\/wp-content\/uploads\/2025\/02\/SITE-GRANDE7-300x68.png 300w, https:\/\/radiostudiow.com.br\/site\/wp-content\/uploads\/2025\/02\/SITE-GRANDE7-768x175.png 768w\" sizes=\"auto, (max-width: 897px) 100vw, 897px\" \/><\/figure>\n\n\n\n<p><\/p>\n\n\n\n<h2 class=\"wp-block-heading\" style=\"font-size:25px\">Escolha da Rainha e das Princesas<\/h2>\n\n\n\n<p style=\"font-size:21px\">Outro momento aguardado pelos malletenses \u00e9 a tradicional escolha da Rainha e das Princesas da 25\u00aa Kiwi Fest.<\/p>\n\n\n\n<p style=\"font-size:21px\">Esse concurso, que destaca a beleza da mulher malletense, \u00e9 um dos pontos altos da festa, agregando ainda mais charme e eleg\u00e2ncia ao evento.<\/p>\n\n\n\n<p style=\"font-size:21px\">&nbsp;A expectativa agora gira em torno da divulga\u00e7\u00e3o da data em que essa sele\u00e7\u00e3o especial ser\u00e1 realizada.<\/p>\n\n\n\n<h2 class=\"wp-block-heading\" style=\"font-size:25px\">Ingressos e Setores<\/h2>\n\n\n\n<p style=\"font-size:21px\">O evento ser\u00e1 gratuito para o p\u00fablico em geral, mas haver\u00e1 ingressos pagos para a \u00e1rea VIP e camarotes no estilo Frontstage.<\/p>\n\n\n\n<p style=\"font-size:21px\">Esse setor exclusivo permitir\u00e1 uma experi\u00eancia diferenciada, com acesso privilegiado ao palco, entrada exclusiva, bares e banheiros separados, proporcionando mais conforto para quem deseja curtir os shows de perto.<\/p>\n\n\n\n<p><\/p>\n\n\n\n<figure class=\"wp-block-image size-full\"><img loading=\"lazy\" decoding=\"async\" width=\"897\" height=\"204\" src=\"https:\/\/radiostudiow.com.br\/site\/wp-content\/uploads\/2025\/03\/BARAO-NOVO-NOTICIAS-1.jpg\" alt=\"\" class=\"wp-image-35084\" srcset=\"https:\/\/radiostudiow.com.br\/site\/wp-content\/uploads\/2025\/03\/BARAO-NOVO-NOTICIAS-1.jpg 897w, https:\/\/radiostudiow.com.br\/site\/wp-content\/uploads\/2025\/03\/BARAO-NOVO-NOTICIAS-1-300x68.jpg 300w, https:\/\/radiostudiow.com.br\/site\/wp-content\/uploads\/2025\/03\/BARAO-NOVO-NOTICIAS-1-768x175.jpg 768w\" sizes=\"auto, (max-width: 897px) 100vw, 897px\" \/><\/figure>\n\n\n\n<p><\/p>\n\n\n\n<h2 class=\"wp-block-heading\" style=\"font-size:25px\">Mais Informa\u00e7\u00f5es<\/h2>\n\n\n\n<p style=\"font-size:21px\">Para acompanhar o andamento do processo licitat\u00f3rio e obter mais detalhes sobre a 25\u00aa Kiwi Fest e a 1\u00aa Agro Fest de Mallet, basta acessar o site oficial da Prefeitura Municipal de Mallet no endere\u00e7o: https:\/\/mallet.pr.gov.br\/.<\/p>\n\n\n\n<p style=\"font-size:21px\">A festa promete movimentar novamente a cidade e atrair visitantes de toda a regi\u00e3o, consolidando-se mais uma vez como um dos eventos mais esperados do ano.<\/p>\n\n\n\n<p style=\"font-size:21px\"><strong>Marque na agenda e prepare-se para essa grande festa.<\/strong><\/p>\n\n\n\n<figure class=\"wp-block-image size-large\"><img loading=\"lazy\" decoding=\"async\" width=\"1024\" height=\"576\" src=\"https:\/\/radiostudiow.com.br\/site\/wp-content\/uploads\/2025\/03\/138ea34f-b48a-4344-9253-5b881a0c78c4-1024x576.jpg\" alt=\"\" class=\"wp-image-36034\" srcset=\"https:\/\/radiostudiow.com.br\/site\/wp-content\/uploads\/2025\/03\/138ea34f-b48a-4344-9253-5b881a0c78c4-1024x576.jpg 1024w, https:\/\/radiostudiow.com.br\/site\/wp-content\/uploads\/2025\/03\/138ea34f-b48a-4344-9253-5b881a0c78c4-300x169.jpg 300w, https:\/\/radiostudiow.com.br\/site\/wp-content\/uploads\/2025\/03\/138ea34f-b48a-4344-9253-5b881a0c78c4-768x432.jpg 768w, https:\/\/radiostudiow.com.br\/site\/wp-content\/uploads\/2025\/03\/138ea34f-b48a-4344-9253-5b881a0c78c4-1536x864.jpg 1536w, https:\/\/radiostudiow.com.br\/site\/wp-content\/uploads\/2025\/03\/138ea34f-b48a-4344-9253-5b881a0c78c4-2048x1152.jpg 2048w\" sizes=\"auto, (max-width: 1024px) 100vw, 1024px\" \/><\/figure>\n\n\n\n<p style=\"font-size:15px\"><em>Foto: 24\u00aa KiwiFest &#8211; Drone da Studio W.<\/em><\/p>\n\n\n\n<p><\/p>\n\n\n\n<p><em>FONTE: SITE DA PREFEITURA MUNICIPAL DE MALLET \/ LICITA\u00c7\u00d5ES<\/em><\/p>\n","protected":false},"excerpt":{"rendered":"<p>Ap\u00f3s muita espera e questionamentos por parte da popula\u00e7\u00e3o, a Prefeitura Municipal de Mallet confirmou oficialmente a realiza\u00e7\u00e3o da 25\u00aa Kiwi Fest e da 1\u00aa Agro Fest de Mallet. Os eventos ocorrer\u00e3o entre os dias 02, 03 e 4 de maio de 2025, prometendo tr\u00eas dias de muita festa, gastronomia e grandes shows nacionais. A [&hellip;]<\/p>\n","protected":false},"author":2,"featured_media":36035,"comment_status":"open","ping_status":"open","sticky":false,"template":"","format":"standard","meta":{"footnotes":""},"categories":[184],"tags":[172],"class_list":["post-36032","post","type-post","status-publish","format-standard","has-post-thumbnail","hentry","category-local","tag-featured"],"amp_enabled":true,"_links":{"self":[{"href":"https:\/\/radiostudiow.com.br\/site\/wp-json\/wp\/v2\/posts\/36032","targetHints":{"allow":["GET"]}}],"collection":[{"href":"https:\/\/radiostudiow.com.br\/site\/wp-json\/wp\/v2\/posts"}],"about":[{"href":"https:\/\/radiostudiow.com.br\/site\/wp-json\/wp\/v2\/types\/post"}],"author":[{"embeddable":true,"href":"https:\/\/radiostudiow.com.br\/site\/wp-json\/wp\/v2\/users\/2"}],"replies":[{"embeddable":true,"href":"https:\/\/radiostudiow.com.br\/site\/wp-json\/wp\/v2\/comments?post=36032"}],"version-history":[{"count":2,"href":"https:\/\/radiostudiow.com.br\/site\/wp-json\/wp\/v2\/posts\/36032\/revisions"}],"predecessor-version":[{"id":36095,"href":"https:\/\/radiostudiow.com.br\/site\/wp-json\/wp\/v2\/posts\/36032\/revisions\/36095"}],"wp:featuredmedia":[{"embeddable":true,"href":"https:\/\/radiostudiow.com.br\/site\/wp-json\/wp\/v2\/media\/36035"}],"wp:attachment":[{"href":"https:\/\/radiostudiow.com.br\/site\/wp-json\/wp\/v2\/media?parent=36032"}],"wp:term":[{"taxonomy":"category","embeddable":true,"href":"https:\/\/radiostudiow.com.br\/site\/wp-json\/wp\/v2\/categories?post=36032"},{"taxonomy":"post_tag","embeddable":true,"href":"https:\/\/radiostudiow.com.br\/site\/wp-json\/wp\/v2\/tags?post=36032"}],"curies":[{"name":"wp","href":"https:\/\/api.w.org\/{rel}","templated":true}]}}