{"id":36052,"date":"2025-03-27T10:26:52","date_gmt":"2025-03-27T13:26:52","guid":{"rendered":"https:\/\/radiostudiow.com.br\/site\/?p=36052"},"modified":"2025-03-27T10:28:27","modified_gmt":"2025-03-27T13:28:27","slug":"homem-e-detido-com-drogas-no-bairro-cidade-jardim-em-uniao-da-vitoria","status":"publish","type":"post","link":"https:\/\/radiostudiow.com.br\/site\/2025\/03\/27\/homem-e-detido-com-drogas-no-bairro-cidade-jardim-em-uniao-da-vitoria\/","title":{"rendered":"Homem \u00e9 detido com drogas no bairro Cidade Jardim, em Uni\u00e3o da Vit\u00f3ria"},"content":{"rendered":"\n<p><\/p>\n\n\n\n<p>Na tarde desta quarta-feira (26), por volta das 13h55, a Pol\u00edcia Militar de Uni\u00e3o da Vit\u00f3ria prendeu um homem por posse de drogas no bairro Cidade Jardim, localizado no distrito de S\u00e3o Crist\u00f3v\u00e3o. <\/p>\n\n\n\n<p>A abordagem ocorreu durante um patrulhamento de rotina na regi\u00e3o.<\/p>\n\n\n\n<p>Os policiais avistaram o suspeito acessando a via e, em atitude suspeita, guardando um objeto em seu bon\u00e9. Diante da situa\u00e7\u00e3o, foi realizada a abordagem e, durante a busca pessoal, os agentes encontraram uma por\u00e7\u00e3o de subst\u00e2ncia an\u00e1loga \u00e0 maconha.<\/p>\n\n\n\n<p><\/p>\n\n\n\n<figure class=\"wp-block-image size-full\"><img loading=\"lazy\" decoding=\"async\" width=\"598\" height=\"204\" src=\"https:\/\/radiostudiow.com.br\/site\/wp-content\/uploads\/2025\/01\/SITE-MEDIO7.png\" alt=\"\" class=\"wp-image-32801\" srcset=\"https:\/\/radiostudiow.com.br\/site\/wp-content\/uploads\/2025\/01\/SITE-MEDIO7.png 598w, https:\/\/radiostudiow.com.br\/site\/wp-content\/uploads\/2025\/01\/SITE-MEDIO7-300x102.png 300w\" sizes=\"auto, (max-width: 598px) 100vw, 598px\" \/><\/figure>\n\n\n\n<p><\/p>\n\n\n\n<p>Diante do flagrante, o homem foi encaminhado ao cart\u00f3rio do 27\u00ba Batalh\u00e3o de Pol\u00edcia Militar (BPM) para a lavratura do termo de comparecimento em audi\u00eancia. O caso segue sob a responsabilidade das autoridades competentes.<\/p>\n","protected":false},"excerpt":{"rendered":"<p>Na tarde desta quarta-feira (26), por volta das 13h55, a Pol\u00edcia Militar de Uni\u00e3o da Vit\u00f3ria prendeu um homem por posse de drogas no bairro Cidade Jardim, localizado no distrito de S\u00e3o Crist\u00f3v\u00e3o. A abordagem ocorreu durante um patrulhamento de rotina na regi\u00e3o. Os policiais avistaram o suspeito acessando a via e, em atitude suspeita, [&hellip;]<\/p>\n","protected":false},"author":2,"featured_media":36053,"comment_status":"open","ping_status":"open","sticky":false,"template":"","format":"standard","meta":{"footnotes":""},"categories":[2],"tags":[172],"class_list":["post-36052","post","type-post","status-publish","format-standard","has-post-thumbnail","hentry","category-policial","tag-featured"],"amp_enabled":true,"_links":{"self":[{"href":"https:\/\/radiostudiow.com.br\/site\/wp-json\/wp\/v2\/posts\/36052","targetHints":{"allow":["GET"]}}],"collection":[{"href":"https:\/\/radiostudiow.com.br\/site\/wp-json\/wp\/v2\/posts"}],"about":[{"href":"https:\/\/radiostudiow.com.br\/site\/wp-json\/wp\/v2\/types\/post"}],"author":[{"embeddable":true,"href":"https:\/\/radiostudiow.com.br\/site\/wp-json\/wp\/v2\/users\/2"}],"replies":[{"embeddable":true,"href":"https:\/\/radiostudiow.com.br\/site\/wp-json\/wp\/v2\/comments?post=36052"}],"version-history":[{"count":2,"href":"https:\/\/radiostudiow.com.br\/site\/wp-json\/wp\/v2\/posts\/36052\/revisions"}],"predecessor-version":[{"id":36055,"href":"https:\/\/radiostudiow.com.br\/site\/wp-json\/wp\/v2\/posts\/36052\/revisions\/36055"}],"wp:featuredmedia":[{"embeddable":true,"href":"https:\/\/radiostudiow.com.br\/site\/wp-json\/wp\/v2\/media\/36053"}],"wp:attachment":[{"href":"https:\/\/radiostudiow.com.br\/site\/wp-json\/wp\/v2\/media?parent=36052"}],"wp:term":[{"taxonomy":"category","embeddable":true,"href":"https:\/\/radiostudiow.com.br\/site\/wp-json\/wp\/v2\/categories?post=36052"},{"taxonomy":"post_tag","embeddable":true,"href":"https:\/\/radiostudiow.com.br\/site\/wp-json\/wp\/v2\/tags?post=36052"}],"curies":[{"name":"wp","href":"https:\/\/api.w.org\/{rel}","templated":true}]}}