{"id":36059,"date":"2025-03-27T10:52:11","date_gmt":"2025-03-27T13:52:11","guid":{"rendered":"https:\/\/radiostudiow.com.br\/site\/?p=36059"},"modified":"2025-03-27T10:53:41","modified_gmt":"2025-03-27T13:53:41","slug":"homem-e-preso-por-trafico-de-drogas-no-bairro-panorama","status":"publish","type":"post","link":"https:\/\/radiostudiow.com.br\/site\/2025\/03\/27\/homem-e-preso-por-trafico-de-drogas-no-bairro-panorama\/","title":{"rendered":"Homem \u00e9 preso por tr\u00e1fico de drogas no bairro Panorama"},"content":{"rendered":"\n<p><\/p>\n\n\n\n<p>Na tarde desta quarta-feira (26), por volta das 13h20, a equipe da Rondas Ostensivas T\u00e1ticas Metropolitanas (ROTAM), prendeu um homem suspeito de tr\u00e1fico de drogas em uma resid\u00eancia localizada no bairro Panorama. <\/p>\n\n\n\n<p><strong>A a\u00e7\u00e3o ocorreu ap\u00f3s uma den\u00fancia apontar o local como ponto de venda de entorpecentes.<\/strong><\/p>\n\n\n\n<p>No endere\u00e7o informado, os policiais conversaram com o pai do suspeito e, ao realizarem a abordagem, encontraram no quarto do denunciado diversos tabletes de subst\u00e2ncia an\u00e1loga \u00e0 maconha, uma por\u00e7\u00e3o de subst\u00e2ncia semelhante \u00e0 coca\u00edna, al\u00e9m de balan\u00e7as de precis\u00e3o, um aparelho celular e uma faca utilizada para fracionamento dos entorpecentes.<\/p>\n\n\n\n<figure class=\"wp-block-image size-full\"><img loading=\"lazy\" decoding=\"async\" width=\"897\" height=\"204\" src=\"https:\/\/radiostudiow.com.br\/site\/wp-content\/uploads\/2025\/02\/SITE-GRANDE7.png\" alt=\"\" class=\"wp-image-33861\" srcset=\"https:\/\/radiostudiow.com.br\/site\/wp-content\/uploads\/2025\/02\/SITE-GRANDE7.png 897w, https:\/\/radiostudiow.com.br\/site\/wp-content\/uploads\/2025\/02\/SITE-GRANDE7-300x68.png 300w, https:\/\/radiostudiow.com.br\/site\/wp-content\/uploads\/2025\/02\/SITE-GRANDE7-768x175.png 768w\" sizes=\"auto, (max-width: 897px) 100vw, 897px\" \/><\/figure>\n\n\n\n<p><\/p>\n\n\n\n<p>Diante das evid\u00eancias, o homem foi detido e encaminhado \u00e0 Delegacia de Pol\u00edcia Civil, juntamente com a droga e os objetos apreendidos, para as provid\u00eancias cab\u00edveis. <\/p>\n\n\n\n<p><\/p>\n\n\n\n<p>FONTE: 27\u00ba BPM<\/p>\n","protected":false},"excerpt":{"rendered":"<p>Na tarde desta quarta-feira (26), por volta das 13h20, a equipe da Rondas Ostensivas T\u00e1ticas Metropolitanas (ROTAM), prendeu um homem suspeito de tr\u00e1fico de drogas em uma resid\u00eancia localizada no bairro Panorama. A a\u00e7\u00e3o ocorreu ap\u00f3s uma den\u00fancia apontar o local como ponto de venda de entorpecentes. No endere\u00e7o informado, os policiais conversaram com o [&hellip;]<\/p>\n","protected":false},"author":2,"featured_media":36061,"comment_status":"open","ping_status":"open","sticky":false,"template":"","format":"standard","meta":{"footnotes":""},"categories":[2],"tags":[172],"class_list":["post-36059","post","type-post","status-publish","format-standard","has-post-thumbnail","hentry","category-policial","tag-featured"],"amp_enabled":true,"_links":{"self":[{"href":"https:\/\/radiostudiow.com.br\/site\/wp-json\/wp\/v2\/posts\/36059","targetHints":{"allow":["GET"]}}],"collection":[{"href":"https:\/\/radiostudiow.com.br\/site\/wp-json\/wp\/v2\/posts"}],"about":[{"href":"https:\/\/radiostudiow.com.br\/site\/wp-json\/wp\/v2\/types\/post"}],"author":[{"embeddable":true,"href":"https:\/\/radiostudiow.com.br\/site\/wp-json\/wp\/v2\/users\/2"}],"replies":[{"embeddable":true,"href":"https:\/\/radiostudiow.com.br\/site\/wp-json\/wp\/v2\/comments?post=36059"}],"version-history":[{"count":2,"href":"https:\/\/radiostudiow.com.br\/site\/wp-json\/wp\/v2\/posts\/36059\/revisions"}],"predecessor-version":[{"id":36063,"href":"https:\/\/radiostudiow.com.br\/site\/wp-json\/wp\/v2\/posts\/36059\/revisions\/36063"}],"wp:featuredmedia":[{"embeddable":true,"href":"https:\/\/radiostudiow.com.br\/site\/wp-json\/wp\/v2\/media\/36061"}],"wp:attachment":[{"href":"https:\/\/radiostudiow.com.br\/site\/wp-json\/wp\/v2\/media?parent=36059"}],"wp:term":[{"taxonomy":"category","embeddable":true,"href":"https:\/\/radiostudiow.com.br\/site\/wp-json\/wp\/v2\/categories?post=36059"},{"taxonomy":"post_tag","embeddable":true,"href":"https:\/\/radiostudiow.com.br\/site\/wp-json\/wp\/v2\/tags?post=36059"}],"curies":[{"name":"wp","href":"https:\/\/api.w.org\/{rel}","templated":true}]}}