{"id":36064,"date":"2025-03-27T15:23:06","date_gmt":"2025-03-27T18:23:06","guid":{"rendered":"https:\/\/radiostudiow.com.br\/site\/?p=36064"},"modified":"2025-03-27T15:23:06","modified_gmt":"2025-03-27T18:23:06","slug":"homem-e-preso-em-mallet-por-divida-de-pensao-alimenticia-a-pedido-da-justica-de-araucaria","status":"publish","type":"post","link":"https:\/\/radiostudiow.com.br\/site\/2025\/03\/27\/homem-e-preso-em-mallet-por-divida-de-pensao-alimenticia-a-pedido-da-justica-de-araucaria\/","title":{"rendered":"Homem \u00e9 preso em Mallet por d\u00edvida de pens\u00e3o aliment\u00edcia a pedido da Justi\u00e7a de Arauc\u00e1ria"},"content":{"rendered":"\n<p><\/p>\n\n\n\n<p>Na manh\u00e3 desta quinta-feira (27), a 10\u00aa DRP (Delegacia Regional de Pol\u00edcia Civil da Comarca de Mallet &#8211; Paran\u00e1), cumpriu um mandado de pris\u00e3o civil expedido pela Vara da Inf\u00e2ncia e da Juventude da Comarca de Arauc\u00e1ria. <\/p>\n\n\n\n<p>O mandado foi emitido contra um homem devedor de pens\u00e3o aliment\u00edcia.<\/p>\n\n\n\n<p>A a\u00e7\u00e3o ocorreu em Mallet ap\u00f3s um pedido de apoio do delegado da Comarca de Arauc\u00e1ria. <\/p>\n\n\n\n<p>Ap\u00f3s a pris\u00e3o, o indiv\u00edduo foi encaminhado \u00e0 cadeia p\u00fablica de Uni\u00e3o da Vit\u00f3ria, onde permanecer\u00e1 \u00e0 disposi\u00e7\u00e3o da Justi\u00e7a.<\/p>\n\n\n\n<figure class=\"wp-block-image size-full\"><img loading=\"lazy\" decoding=\"async\" width=\"897\" height=\"204\" src=\"https:\/\/radiostudiow.com.br\/site\/wp-content\/uploads\/2025\/03\/SITE-GRANDE5.png\" alt=\"\" class=\"wp-image-35420\" srcset=\"https:\/\/radiostudiow.com.br\/site\/wp-content\/uploads\/2025\/03\/SITE-GRANDE5.png 897w, https:\/\/radiostudiow.com.br\/site\/wp-content\/uploads\/2025\/03\/SITE-GRANDE5-300x68.png 300w, https:\/\/radiostudiow.com.br\/site\/wp-content\/uploads\/2025\/03\/SITE-GRANDE5-768x175.png 768w\" sizes=\"auto, (max-width: 897px) 100vw, 897px\" \/><\/figure>\n\n\n\n<p><\/p>\n\n\n\n<p>O cumprimento do mandado refor\u00e7a o compromisso das autoridades no cumprimento das decis\u00f5es judiciais, especialmente em casos relacionados \u00e0 obriga\u00e7\u00e3o de sustento familiar, n\u00e3o importando a cidade, estado. <\/p>\n\n\n\n<p>A PCPR sempre trabalha para garantir a ordem e o cumprimento da lei.<\/p>\n\n\n\n<p><\/p>\n\n\n\n<figure class=\"wp-block-image size-full\"><img loading=\"lazy\" decoding=\"async\" width=\"897\" height=\"204\" src=\"https:\/\/radiostudiow.com.br\/site\/wp-content\/uploads\/2025\/02\/SITE-GRANDE7.png\" alt=\"\" class=\"wp-image-33861\" srcset=\"https:\/\/radiostudiow.com.br\/site\/wp-content\/uploads\/2025\/02\/SITE-GRANDE7.png 897w, https:\/\/radiostudiow.com.br\/site\/wp-content\/uploads\/2025\/02\/SITE-GRANDE7-300x68.png 300w, https:\/\/radiostudiow.com.br\/site\/wp-content\/uploads\/2025\/02\/SITE-GRANDE7-768x175.png 768w\" sizes=\"auto, (max-width: 897px) 100vw, 897px\" \/><\/figure>\n","protected":false},"excerpt":{"rendered":"<p>Na manh\u00e3 desta quinta-feira (27), a 10\u00aa DRP (Delegacia Regional de Pol\u00edcia Civil da Comarca de Mallet &#8211; Paran\u00e1), cumpriu um mandado de pris\u00e3o civil expedido pela Vara da Inf\u00e2ncia e da Juventude da Comarca de Arauc\u00e1ria. O mandado foi emitido contra um homem devedor de pens\u00e3o aliment\u00edcia. A a\u00e7\u00e3o ocorreu em Mallet ap\u00f3s um [&hellip;]<\/p>\n","protected":false},"author":2,"featured_media":36065,"comment_status":"open","ping_status":"open","sticky":false,"template":"","format":"standard","meta":{"footnotes":""},"categories":[184],"tags":[172],"class_list":["post-36064","post","type-post","status-publish","format-standard","has-post-thumbnail","hentry","category-local","tag-featured"],"amp_enabled":true,"_links":{"self":[{"href":"https:\/\/radiostudiow.com.br\/site\/wp-json\/wp\/v2\/posts\/36064","targetHints":{"allow":["GET"]}}],"collection":[{"href":"https:\/\/radiostudiow.com.br\/site\/wp-json\/wp\/v2\/posts"}],"about":[{"href":"https:\/\/radiostudiow.com.br\/site\/wp-json\/wp\/v2\/types\/post"}],"author":[{"embeddable":true,"href":"https:\/\/radiostudiow.com.br\/site\/wp-json\/wp\/v2\/users\/2"}],"replies":[{"embeddable":true,"href":"https:\/\/radiostudiow.com.br\/site\/wp-json\/wp\/v2\/comments?post=36064"}],"version-history":[{"count":1,"href":"https:\/\/radiostudiow.com.br\/site\/wp-json\/wp\/v2\/posts\/36064\/revisions"}],"predecessor-version":[{"id":36066,"href":"https:\/\/radiostudiow.com.br\/site\/wp-json\/wp\/v2\/posts\/36064\/revisions\/36066"}],"wp:featuredmedia":[{"embeddable":true,"href":"https:\/\/radiostudiow.com.br\/site\/wp-json\/wp\/v2\/media\/36065"}],"wp:attachment":[{"href":"https:\/\/radiostudiow.com.br\/site\/wp-json\/wp\/v2\/media?parent=36064"}],"wp:term":[{"taxonomy":"category","embeddable":true,"href":"https:\/\/radiostudiow.com.br\/site\/wp-json\/wp\/v2\/categories?post=36064"},{"taxonomy":"post_tag","embeddable":true,"href":"https:\/\/radiostudiow.com.br\/site\/wp-json\/wp\/v2\/tags?post=36064"}],"curies":[{"name":"wp","href":"https:\/\/api.w.org\/{rel}","templated":true}]}}