{"id":36083,"date":"2025-03-27T18:51:45","date_gmt":"2025-03-27T21:51:45","guid":{"rendered":"https:\/\/radiostudiow.com.br\/site\/?p=36083"},"modified":"2025-03-27T18:56:03","modified_gmt":"2025-03-27T21:56:03","slug":"caminhao-tomba-na-br-277-e-interdita-rodovia-em-irati","status":"publish","type":"post","link":"https:\/\/radiostudiow.com.br\/site\/2025\/03\/27\/caminhao-tomba-na-br-277-e-interdita-rodovia-em-irati\/","title":{"rendered":"Caminh\u00e3o tomba na BR-277 e interdita rodovia em Irati"},"content":{"rendered":"\n<p><\/p>\n\n\n\n<p>Na tarde desta quinta-feira (27), um caminh\u00e3o tombou na rodovia BR-277, bloqueando totalmente o tr\u00e1fego no trecho pr\u00f3ximo ao posto de ped\u00e1gio de Irati.<\/p>\n\n\n\n<p>De acordo com informa\u00e7\u00f5es da Pol\u00edcia Rodovi\u00e1ria Federal (PRF), o motorista do ve\u00edculo foi socorrido e encaminhado para atendimento m\u00e9dico em Irati. <\/p>\n\n\n\n<p>Seu estado de sa\u00fade n\u00e3o foi divulgado.<\/p>\n\n\n\n<p><\/p>\n\n\n\n<figure class=\"wp-block-image size-full\"><img loading=\"lazy\" decoding=\"async\" width=\"598\" height=\"204\" src=\"https:\/\/radiostudiow.com.br\/site\/wp-content\/uploads\/2025\/01\/SITE-MEDIO7.png\" alt=\"\" class=\"wp-image-32801\" srcset=\"https:\/\/radiostudiow.com.br\/site\/wp-content\/uploads\/2025\/01\/SITE-MEDIO7.png 598w, https:\/\/radiostudiow.com.br\/site\/wp-content\/uploads\/2025\/01\/SITE-MEDIO7-300x102.png 300w\" sizes=\"auto, (max-width: 598px) 100vw, 598px\" \/><\/figure>\n\n\n\n<p><\/p>\n\n\n\n<p>Equipes da PRF permanecem no local para controlar o fluxo de ve\u00edculos e realizar os procedimentos necess\u00e1rios para a remo\u00e7\u00e3o do caminh\u00e3o e libera\u00e7\u00e3o da rodovia. <\/p>\n\n\n\n<p>Motoristas que trafegam pela regi\u00e3o devem redobrar a aten\u00e7\u00e3o para que n\u00e3o hajam mais acidentes no local.<\/p>\n\n\n\n<p>Fonte: VVale<\/p>\n\n\n\n<p><\/p>\n\n\n\n<p><\/p>\n","protected":false},"excerpt":{"rendered":"<p>Na tarde desta quinta-feira (27), um caminh\u00e3o tombou na rodovia BR-277, bloqueando totalmente o tr\u00e1fego no trecho pr\u00f3ximo ao posto de ped\u00e1gio de Irati. De acordo com informa\u00e7\u00f5es da Pol\u00edcia Rodovi\u00e1ria Federal (PRF), o motorista do ve\u00edculo foi socorrido e encaminhado para atendimento m\u00e9dico em Irati. Seu estado de sa\u00fade n\u00e3o foi divulgado. Equipes da [&hellip;]<\/p>\n","protected":false},"author":2,"featured_media":36084,"comment_status":"open","ping_status":"open","sticky":false,"template":"","format":"standard","meta":{"footnotes":""},"categories":[185],"tags":[172],"class_list":["post-36083","post","type-post","status-publish","format-standard","has-post-thumbnail","hentry","category-regional","tag-featured"],"amp_enabled":true,"_links":{"self":[{"href":"https:\/\/radiostudiow.com.br\/site\/wp-json\/wp\/v2\/posts\/36083","targetHints":{"allow":["GET"]}}],"collection":[{"href":"https:\/\/radiostudiow.com.br\/site\/wp-json\/wp\/v2\/posts"}],"about":[{"href":"https:\/\/radiostudiow.com.br\/site\/wp-json\/wp\/v2\/types\/post"}],"author":[{"embeddable":true,"href":"https:\/\/radiostudiow.com.br\/site\/wp-json\/wp\/v2\/users\/2"}],"replies":[{"embeddable":true,"href":"https:\/\/radiostudiow.com.br\/site\/wp-json\/wp\/v2\/comments?post=36083"}],"version-history":[{"count":2,"href":"https:\/\/radiostudiow.com.br\/site\/wp-json\/wp\/v2\/posts\/36083\/revisions"}],"predecessor-version":[{"id":36088,"href":"https:\/\/radiostudiow.com.br\/site\/wp-json\/wp\/v2\/posts\/36083\/revisions\/36088"}],"wp:featuredmedia":[{"embeddable":true,"href":"https:\/\/radiostudiow.com.br\/site\/wp-json\/wp\/v2\/media\/36084"}],"wp:attachment":[{"href":"https:\/\/radiostudiow.com.br\/site\/wp-json\/wp\/v2\/media?parent=36083"}],"wp:term":[{"taxonomy":"category","embeddable":true,"href":"https:\/\/radiostudiow.com.br\/site\/wp-json\/wp\/v2\/categories?post=36083"},{"taxonomy":"post_tag","embeddable":true,"href":"https:\/\/radiostudiow.com.br\/site\/wp-json\/wp\/v2\/tags?post=36083"}],"curies":[{"name":"wp","href":"https:\/\/api.w.org\/{rel}","templated":true}]}}