{"id":36089,"date":"2025-03-27T19:07:07","date_gmt":"2025-03-27T22:07:07","guid":{"rendered":"https:\/\/radiostudiow.com.br\/site\/?p=36089"},"modified":"2025-03-27T19:07:08","modified_gmt":"2025-03-27T22:07:08","slug":"menor-e-flagrado-realizando-manobras-perigosas-com-motocicleta-irregular-em-irati","status":"publish","type":"post","link":"https:\/\/radiostudiow.com.br\/site\/2025\/03\/27\/menor-e-flagrado-realizando-manobras-perigosas-com-motocicleta-irregular-em-irati\/","title":{"rendered":"Menor \u00e9 flagrado realizando manobras perigosas com motocicleta irregular em Irati"},"content":{"rendered":"\n<p><\/p>\n\n\n\n<p><\/p>\n\n\n\n<p>Na tarde desta quinta-feira (27), por volta das 15h50, uma equipe da Pol\u00edcia Militar flagrou um motociclista realizando manobras perigosas na Avenida Vicente Machado, em Irati. <\/p>\n\n\n\n<p>A conduta imprudente colocou em risco tanto o pr\u00f3prio condutor quanto pedestres e motoristas que trafegavam pelo local.<\/p>\n\n\n\n<p>A abordagem foi realizada imediatamente, momento em que os policiais constataram que o condutor era menor de idade. <\/p>\n\n\n\n<p>Durante consulta ao sistema, verificou-se que a motocicleta, uma Honda\/CG 150, possu\u00eda d\u00e9bitos pendentes. Al\u00e9m disso, o n\u00famero do motor estava suprimido com pingo de solda, e o ve\u00edculo apresentava diversas irregularidades.<\/p>\n\n\n\n<p><\/p>\n\n\n\n<p><\/p>\n\n\n\n<figure class=\"wp-block-image size-full\"><img loading=\"lazy\" decoding=\"async\" width=\"897\" height=\"204\" src=\"https:\/\/radiostudiow.com.br\/site\/wp-content\/uploads\/2025\/01\/SITE-GRANDE3.png\" alt=\"\" class=\"wp-image-32900\" srcset=\"https:\/\/radiostudiow.com.br\/site\/wp-content\/uploads\/2025\/01\/SITE-GRANDE3.png 897w, https:\/\/radiostudiow.com.br\/site\/wp-content\/uploads\/2025\/01\/SITE-GRANDE3-300x68.png 300w, https:\/\/radiostudiow.com.br\/site\/wp-content\/uploads\/2025\/01\/SITE-GRANDE3-768x175.png 768w\" sizes=\"auto, (max-width: 897px) 100vw, 897px\" \/><\/figure>\n\n\n\n<p><\/p>\n\n\n\n<p>O respons\u00e1vel pelo menor compareceu \u00e0 sede da 8\u00aa Companhia Independente da Pol\u00edcia Militar (8\u00aa CIPM) para acompanhar os procedimentos da ocorr\u00eancia. <\/p>\n\n\n\n<p>Diante da situa\u00e7\u00e3o, tanto o adolescente quanto a motocicleta foram apreendidos e encaminhados \u00e0 Delegacia de Pol\u00edcia Civil de Irati para as provid\u00eancias cab\u00edveis.<\/p>\n\n\n\n<p>Fonte: Folha de Irati<\/p>\n","protected":false},"excerpt":{"rendered":"<p>Na tarde desta quinta-feira (27), por volta das 15h50, uma equipe da Pol\u00edcia Militar flagrou um motociclista realizando manobras perigosas na Avenida Vicente Machado, em Irati. A conduta imprudente colocou em risco tanto o pr\u00f3prio condutor quanto pedestres e motoristas que trafegavam pelo local. A abordagem foi realizada imediatamente, momento em que os policiais constataram [&hellip;]<\/p>\n","protected":false},"author":2,"featured_media":36090,"comment_status":"open","ping_status":"open","sticky":false,"template":"","format":"standard","meta":{"footnotes":""},"categories":[185],"tags":[172],"class_list":["post-36089","post","type-post","status-publish","format-standard","has-post-thumbnail","hentry","category-regional","tag-featured"],"amp_enabled":true,"_links":{"self":[{"href":"https:\/\/radiostudiow.com.br\/site\/wp-json\/wp\/v2\/posts\/36089","targetHints":{"allow":["GET"]}}],"collection":[{"href":"https:\/\/radiostudiow.com.br\/site\/wp-json\/wp\/v2\/posts"}],"about":[{"href":"https:\/\/radiostudiow.com.br\/site\/wp-json\/wp\/v2\/types\/post"}],"author":[{"embeddable":true,"href":"https:\/\/radiostudiow.com.br\/site\/wp-json\/wp\/v2\/users\/2"}],"replies":[{"embeddable":true,"href":"https:\/\/radiostudiow.com.br\/site\/wp-json\/wp\/v2\/comments?post=36089"}],"version-history":[{"count":1,"href":"https:\/\/radiostudiow.com.br\/site\/wp-json\/wp\/v2\/posts\/36089\/revisions"}],"predecessor-version":[{"id":36091,"href":"https:\/\/radiostudiow.com.br\/site\/wp-json\/wp\/v2\/posts\/36089\/revisions\/36091"}],"wp:featuredmedia":[{"embeddable":true,"href":"https:\/\/radiostudiow.com.br\/site\/wp-json\/wp\/v2\/media\/36090"}],"wp:attachment":[{"href":"https:\/\/radiostudiow.com.br\/site\/wp-json\/wp\/v2\/media?parent=36089"}],"wp:term":[{"taxonomy":"category","embeddable":true,"href":"https:\/\/radiostudiow.com.br\/site\/wp-json\/wp\/v2\/categories?post=36089"},{"taxonomy":"post_tag","embeddable":true,"href":"https:\/\/radiostudiow.com.br\/site\/wp-json\/wp\/v2\/tags?post=36089"}],"curies":[{"name":"wp","href":"https:\/\/api.w.org\/{rel}","templated":true}]}}