{"id":36106,"date":"2025-03-28T10:09:41","date_gmt":"2025-03-28T13:09:41","guid":{"rendered":"https:\/\/radiostudiow.com.br\/site\/?p=36106"},"modified":"2025-03-28T10:26:51","modified_gmt":"2025-03-28T13:26:51","slug":"homem-e-preso-e-arma-de-fogo-artesanal-e-apreendida-em-sao-mateus-do-sul","status":"publish","type":"post","link":"https:\/\/radiostudiow.com.br\/site\/2025\/03\/28\/homem-e-preso-e-arma-de-fogo-artesanal-e-apreendida-em-sao-mateus-do-sul\/","title":{"rendered":"Homem \u00e9 preso e arma de fogo artesanal \u00e9 apreendida em S\u00e3o Mateus do Sul"},"content":{"rendered":"\n<p>A equipe da R\u00e1dio Patrulha da Pol\u00edcia Militar compareceu na Vila Americana, onde havia den\u00fancias de utiliza\u00e7\u00e3o uso de drogas por volta das 17 horas dessa quinta-feira (27).<\/p>\n\n\n\n<p>No local havia tr\u00eas indiv\u00edduos, realizada abordagem, nada de il\u00edcito encontrado. Em conversa com o morador, informou que havia uma arma de fogo artesanal calibre. 36 em sua resid\u00eancia.<\/p>\n\n\n\n<p>Foi dado voz de pris\u00e3o ao homem, realizado apreens\u00e3o da arma e posteriormente encaminhado \u00e0 delegacia.<\/p>\n\n\n\n<figure class=\"wp-block-image size-full\"><img loading=\"lazy\" decoding=\"async\" width=\"598\" height=\"204\" src=\"https:\/\/radiostudiow.com.br\/site\/wp-content\/uploads\/2025\/01\/SITE-MEDIO.png\" alt=\"\" class=\"wp-image-32810\" srcset=\"https:\/\/radiostudiow.com.br\/site\/wp-content\/uploads\/2025\/01\/SITE-MEDIO.png 598w, https:\/\/radiostudiow.com.br\/site\/wp-content\/uploads\/2025\/01\/SITE-MEDIO-300x102.png 300w\" sizes=\"auto, (max-width: 598px) 100vw, 598px\" \/><\/figure>\n","protected":false},"excerpt":{"rendered":"<p>A equipe da R\u00e1dio Patrulha da Pol\u00edcia Militar compareceu na Vila Americana, onde havia den\u00fancias de utiliza\u00e7\u00e3o uso de drogas por volta das 17 horas dessa quinta-feira (27). No local havia tr\u00eas indiv\u00edduos, realizada abordagem, nada de il\u00edcito encontrado. Em conversa com o morador, informou que havia uma arma de fogo artesanal calibre. 36 em [&hellip;]<\/p>\n","protected":false},"author":2,"featured_media":36112,"comment_status":"open","ping_status":"open","sticky":false,"template":"","format":"standard","meta":{"footnotes":""},"categories":[2],"tags":[172],"class_list":["post-36106","post","type-post","status-publish","format-standard","has-post-thumbnail","hentry","category-policial","tag-featured"],"amp_enabled":true,"_links":{"self":[{"href":"https:\/\/radiostudiow.com.br\/site\/wp-json\/wp\/v2\/posts\/36106","targetHints":{"allow":["GET"]}}],"collection":[{"href":"https:\/\/radiostudiow.com.br\/site\/wp-json\/wp\/v2\/posts"}],"about":[{"href":"https:\/\/radiostudiow.com.br\/site\/wp-json\/wp\/v2\/types\/post"}],"author":[{"embeddable":true,"href":"https:\/\/radiostudiow.com.br\/site\/wp-json\/wp\/v2\/users\/2"}],"replies":[{"embeddable":true,"href":"https:\/\/radiostudiow.com.br\/site\/wp-json\/wp\/v2\/comments?post=36106"}],"version-history":[{"count":1,"href":"https:\/\/radiostudiow.com.br\/site\/wp-json\/wp\/v2\/posts\/36106\/revisions"}],"predecessor-version":[{"id":36108,"href":"https:\/\/radiostudiow.com.br\/site\/wp-json\/wp\/v2\/posts\/36106\/revisions\/36108"}],"wp:featuredmedia":[{"embeddable":true,"href":"https:\/\/radiostudiow.com.br\/site\/wp-json\/wp\/v2\/media\/36112"}],"wp:attachment":[{"href":"https:\/\/radiostudiow.com.br\/site\/wp-json\/wp\/v2\/media?parent=36106"}],"wp:term":[{"taxonomy":"category","embeddable":true,"href":"https:\/\/radiostudiow.com.br\/site\/wp-json\/wp\/v2\/categories?post=36106"},{"taxonomy":"post_tag","embeddable":true,"href":"https:\/\/radiostudiow.com.br\/site\/wp-json\/wp\/v2\/tags?post=36106"}],"curies":[{"name":"wp","href":"https:\/\/api.w.org\/{rel}","templated":true}]}}