{"id":36123,"date":"2025-03-28T16:22:57","date_gmt":"2025-03-28T19:22:57","guid":{"rendered":"https:\/\/radiostudiow.com.br\/site\/?p=36123"},"modified":"2025-03-28T16:22:58","modified_gmt":"2025-03-28T19:22:58","slug":"homem-fica-ferido-apos-ataque-com-facao-em-reboucas","status":"publish","type":"post","link":"https:\/\/radiostudiow.com.br\/site\/2025\/03\/28\/homem-fica-ferido-apos-ataque-com-facao-em-reboucas\/","title":{"rendered":"Homem fica ferido ap\u00f3s ataque com fac\u00e3o em Rebou\u00e7as"},"content":{"rendered":"\n<p>A equipe da Pol\u00edcia Militar foi acionada para comparecer ao Hospital Dona Darcy Vargas, em Rebou\u00e7as, onde um homem deu entrada com um ferimento causado por arma branca por volta das 17h55min dessa quinta-feira (27).<\/p>\n\n\n\n<p>Em contato com a v\u00edtima, ela relatou que seguia para o trabalho quando foi abordada por um indiv\u00edduo armado com um fac\u00e3o, que desferiu um golpe contra seu bra\u00e7o esquerdo, causando um corte. Ap\u00f3s o ataque, ambos entraram em luta corporal, at\u00e9 que o agressor fugiu do local.<\/p>\n\n\n\n<figure class=\"wp-block-image size-full\"><img loading=\"lazy\" decoding=\"async\" width=\"598\" height=\"204\" src=\"https:\/\/radiostudiow.com.br\/site\/wp-content\/uploads\/2025\/01\/SITE-MEDIO3.png\" alt=\"\" class=\"wp-image-32815\" srcset=\"https:\/\/radiostudiow.com.br\/site\/wp-content\/uploads\/2025\/01\/SITE-MEDIO3.png 598w, https:\/\/radiostudiow.com.br\/site\/wp-content\/uploads\/2025\/01\/SITE-MEDIO3-300x102.png 300w\" sizes=\"auto, (max-width: 598px) 100vw, 598px\" \/><\/figure>\n\n\n\n<p>Ap\u00f3s o ocorrido, a v\u00edtima retornou para casa e solicitou ajuda do cunhado, que a levou ao hospital para receber atendimento m\u00e9dico. A equipe policial realizou buscas na regi\u00e3o para localizar o autor da agress\u00e3o, por\u00e9m, at\u00e9 o momento, sem sucesso.<\/p>\n\n\n\n<p>A v\u00edtima foi orientada quanto aos procedimentos legais junto \u00e0 Pol\u00edcia Judici\u00e1ria, caso deseje formalizar a den\u00fancia. As investiga\u00e7\u00f5es seguem em andamento.<\/p>\n","protected":false},"excerpt":{"rendered":"<p>A equipe da Pol\u00edcia Militar foi acionada para comparecer ao Hospital Dona Darcy Vargas, em Rebou\u00e7as, onde um homem deu entrada com um ferimento causado por arma branca por volta das 17h55min dessa quinta-feira (27). Em contato com a v\u00edtima, ela relatou que seguia para o trabalho quando foi abordada por um indiv\u00edduo armado com [&hellip;]<\/p>\n","protected":false},"author":2,"featured_media":32852,"comment_status":"open","ping_status":"open","sticky":false,"template":"","format":"standard","meta":{"footnotes":""},"categories":[2],"tags":[172],"class_list":["post-36123","post","type-post","status-publish","format-standard","has-post-thumbnail","hentry","category-policial","tag-featured"],"amp_enabled":true,"_links":{"self":[{"href":"https:\/\/radiostudiow.com.br\/site\/wp-json\/wp\/v2\/posts\/36123","targetHints":{"allow":["GET"]}}],"collection":[{"href":"https:\/\/radiostudiow.com.br\/site\/wp-json\/wp\/v2\/posts"}],"about":[{"href":"https:\/\/radiostudiow.com.br\/site\/wp-json\/wp\/v2\/types\/post"}],"author":[{"embeddable":true,"href":"https:\/\/radiostudiow.com.br\/site\/wp-json\/wp\/v2\/users\/2"}],"replies":[{"embeddable":true,"href":"https:\/\/radiostudiow.com.br\/site\/wp-json\/wp\/v2\/comments?post=36123"}],"version-history":[{"count":1,"href":"https:\/\/radiostudiow.com.br\/site\/wp-json\/wp\/v2\/posts\/36123\/revisions"}],"predecessor-version":[{"id":36124,"href":"https:\/\/radiostudiow.com.br\/site\/wp-json\/wp\/v2\/posts\/36123\/revisions\/36124"}],"wp:featuredmedia":[{"embeddable":true,"href":"https:\/\/radiostudiow.com.br\/site\/wp-json\/wp\/v2\/media\/32852"}],"wp:attachment":[{"href":"https:\/\/radiostudiow.com.br\/site\/wp-json\/wp\/v2\/media?parent=36123"}],"wp:term":[{"taxonomy":"category","embeddable":true,"href":"https:\/\/radiostudiow.com.br\/site\/wp-json\/wp\/v2\/categories?post=36123"},{"taxonomy":"post_tag","embeddable":true,"href":"https:\/\/radiostudiow.com.br\/site\/wp-json\/wp\/v2\/tags?post=36123"}],"curies":[{"name":"wp","href":"https:\/\/api.w.org\/{rel}","templated":true}]}}