{"id":36127,"date":"2025-03-28T16:30:38","date_gmt":"2025-03-28T19:30:38","guid":{"rendered":"https:\/\/radiostudiow.com.br\/site\/?p=36127"},"modified":"2025-03-28T16:30:38","modified_gmt":"2025-03-28T19:30:38","slug":"policia-militar-apreende-carga-ilegal-dentro-de-veiculo-em-irati","status":"publish","type":"post","link":"https:\/\/radiostudiow.com.br\/site\/2025\/03\/28\/policia-militar-apreende-carga-ilegal-dentro-de-veiculo-em-irati\/","title":{"rendered":"Pol\u00edcia Militar apreende carga ilegal dentro de ve\u00edculo em Irati"},"content":{"rendered":"\n<p>A equipe da Pol\u00edcia Militar de Irati prestava apoio a uma ocorr\u00eancia de contrabando, o COPOM recebeu a informa\u00e7\u00e3o de que um funcion\u00e1rio de uma empresa havia notado a entrada suspeita de um ve\u00edculo branco no p\u00e1tio da empresa por volta das 11h40min desta sexta-feira (27). O autom\u00f3vel permaneceu estacionado ap\u00f3s avistar uma viatura policial.<\/p>\n\n\n\n<p>Diante da den\u00fancia, equipes da PM deslocaram-se at\u00e9 o local e abordaram um ve\u00edculo Mitsubishi Pajero, de cor branca, com placas de Pescaria Brava\/SC. No interior do autom\u00f3vel, os policiais encontraram uma grande quantidade de mercadorias de origem estrangeira sem comprova\u00e7\u00e3o fiscal. No ve\u00edculo estavam tr\u00eas ocupantes: duas mulheres e um homem.<\/p>\n\n\n\n<figure class=\"wp-block-image size-full\"><img loading=\"lazy\" decoding=\"async\" width=\"897\" height=\"204\" src=\"https:\/\/radiostudiow.com.br\/site\/wp-content\/uploads\/2025\/01\/SITE-GRANDE2.png\" alt=\"\" class=\"wp-image-32805\" srcset=\"https:\/\/radiostudiow.com.br\/site\/wp-content\/uploads\/2025\/01\/SITE-GRANDE2.png 897w, https:\/\/radiostudiow.com.br\/site\/wp-content\/uploads\/2025\/01\/SITE-GRANDE2-300x68.png 300w, https:\/\/radiostudiow.com.br\/site\/wp-content\/uploads\/2025\/01\/SITE-GRANDE2-768x175.png 768w\" sizes=\"auto, (max-width: 897px) 100vw, 897px\" \/><\/figure>\n\n\n\n<p>Os produtos apreendidos inclu\u00edam patinetes el\u00e9tricos, celulares de diversas marcas, tablets Apple iPad, rel\u00f3gios digitais das marcas Apple e Redmi, fones e headphones JBL, al\u00e9m de diversos itens eletr\u00f4nicos, como receptores, pontos de acesso, mem\u00f3rias SSD e DDR. Tamb\u00e9m foram encontrados perfumes importados de v\u00e1rias marcas, uma c\u00e2mera GoPro 13 e um rel\u00f3gio Garmin.<\/p>\n\n\n\n<p>Diante dos fatos, os envolvidos foram conduzidos at\u00e9 a sede da 8\u00aa CIPM, onde os itens foram contabilizados. O Auditor Fiscal da Receita Federal foi acionado e ficou respons\u00e1vel pela mercadoria e pelo ve\u00edculo. Ap\u00f3s a confec\u00e7\u00e3o da documenta\u00e7\u00e3o pertinente, os abordados foram liberados.<\/p>\n\n\n\n<figure class=\"wp-block-image size-full\"><img loading=\"lazy\" decoding=\"async\" width=\"900\" height=\"408\" src=\"https:\/\/radiostudiow.com.br\/site\/wp-content\/uploads\/2025\/03\/SITE-E-TV-1.png\" alt=\"\" class=\"wp-image-35744\" srcset=\"https:\/\/radiostudiow.com.br\/site\/wp-content\/uploads\/2025\/03\/SITE-E-TV-1.png 900w, https:\/\/radiostudiow.com.br\/site\/wp-content\/uploads\/2025\/03\/SITE-E-TV-1-300x136.png 300w, https:\/\/radiostudiow.com.br\/site\/wp-content\/uploads\/2025\/03\/SITE-E-TV-1-768x348.png 768w\" sizes=\"auto, (max-width: 900px) 100vw, 900px\" \/><\/figure>\n\n\n\n<figure class=\"wp-block-image size-large\"><img loading=\"lazy\" decoding=\"async\" width=\"1024\" height=\"785\" src=\"https:\/\/radiostudiow.com.br\/site\/wp-content\/uploads\/2025\/03\/image-78-1024x785.png\" alt=\"\" class=\"wp-image-36128\" srcset=\"https:\/\/radiostudiow.com.br\/site\/wp-content\/uploads\/2025\/03\/image-78-1024x785.png 1024w, https:\/\/radiostudiow.com.br\/site\/wp-content\/uploads\/2025\/03\/image-78-300x230.png 300w, https:\/\/radiostudiow.com.br\/site\/wp-content\/uploads\/2025\/03\/image-78-768x589.png 768w, https:\/\/radiostudiow.com.br\/site\/wp-content\/uploads\/2025\/03\/image-78.png 1200w\" sizes=\"auto, (max-width: 1024px) 100vw, 1024px\" \/><\/figure>\n","protected":false},"excerpt":{"rendered":"<p>A equipe da Pol\u00edcia Militar de Irati prestava apoio a uma ocorr\u00eancia de contrabando, o COPOM recebeu a informa\u00e7\u00e3o de que um funcion\u00e1rio de uma empresa havia notado a entrada suspeita de um ve\u00edculo branco no p\u00e1tio da empresa por volta das 11h40min desta sexta-feira (27). O autom\u00f3vel permaneceu estacionado ap\u00f3s avistar uma viatura policial. [&hellip;]<\/p>\n","protected":false},"author":2,"featured_media":36129,"comment_status":"open","ping_status":"open","sticky":false,"template":"","format":"standard","meta":{"footnotes":""},"categories":[2],"tags":[172],"class_list":["post-36127","post","type-post","status-publish","format-standard","has-post-thumbnail","hentry","category-policial","tag-featured"],"amp_enabled":true,"_links":{"self":[{"href":"https:\/\/radiostudiow.com.br\/site\/wp-json\/wp\/v2\/posts\/36127","targetHints":{"allow":["GET"]}}],"collection":[{"href":"https:\/\/radiostudiow.com.br\/site\/wp-json\/wp\/v2\/posts"}],"about":[{"href":"https:\/\/radiostudiow.com.br\/site\/wp-json\/wp\/v2\/types\/post"}],"author":[{"embeddable":true,"href":"https:\/\/radiostudiow.com.br\/site\/wp-json\/wp\/v2\/users\/2"}],"replies":[{"embeddable":true,"href":"https:\/\/radiostudiow.com.br\/site\/wp-json\/wp\/v2\/comments?post=36127"}],"version-history":[{"count":1,"href":"https:\/\/radiostudiow.com.br\/site\/wp-json\/wp\/v2\/posts\/36127\/revisions"}],"predecessor-version":[{"id":36130,"href":"https:\/\/radiostudiow.com.br\/site\/wp-json\/wp\/v2\/posts\/36127\/revisions\/36130"}],"wp:featuredmedia":[{"embeddable":true,"href":"https:\/\/radiostudiow.com.br\/site\/wp-json\/wp\/v2\/media\/36129"}],"wp:attachment":[{"href":"https:\/\/radiostudiow.com.br\/site\/wp-json\/wp\/v2\/media?parent=36127"}],"wp:term":[{"taxonomy":"category","embeddable":true,"href":"https:\/\/radiostudiow.com.br\/site\/wp-json\/wp\/v2\/categories?post=36127"},{"taxonomy":"post_tag","embeddable":true,"href":"https:\/\/radiostudiow.com.br\/site\/wp-json\/wp\/v2\/tags?post=36127"}],"curies":[{"name":"wp","href":"https:\/\/api.w.org\/{rel}","templated":true}]}}