{"id":36131,"date":"2025-03-28T16:42:09","date_gmt":"2025-03-28T19:42:09","guid":{"rendered":"https:\/\/radiostudiow.com.br\/site\/?p=36131"},"modified":"2025-03-28T16:42:25","modified_gmt":"2025-03-28T19:42:25","slug":"pm-apreende-236-cigarros-eletronicos-em-irati","status":"publish","type":"post","link":"https:\/\/radiostudiow.com.br\/site\/2025\/03\/28\/pm-apreende-236-cigarros-eletronicos-em-irati\/","title":{"rendered":"Pol\u00edcia Militar apreende 236 cigarros eletr\u00f4nicos em Irati"},"content":{"rendered":"\n<p>A equipe da Pol\u00edcia Militar de Irati recebeu informa\u00e7\u00f5es sobre um ve\u00edculo VW Voyage, de cor prata, que trafegava pela BR-277, no sentido Guarapuava-Irati, possivelmente transportando produtos il\u00edcitos por volta das 11h27min desta sexta-feira (27).<\/p>\n\n\n\n<p>Diante da den\u00fancia, equipes da PM deslocaram-se at\u00e9 a localidade de Caratuva, na zona rural de Irati\/PR, regi\u00e3o conhecida por ser um desvio da pra\u00e7a de ped\u00e1gio e da fiscaliza\u00e7\u00e3o da Pol\u00edcia Rodovi\u00e1ria Federal (PRF). Com o apoio das viaturas 13.856 e 11.691, os policiais realizaram a abordagem do ve\u00edculo suspeito.<\/p>\n\n\n\n<figure class=\"wp-block-image size-full\"><img loading=\"lazy\" decoding=\"async\" width=\"598\" height=\"204\" src=\"https:\/\/radiostudiow.com.br\/site\/wp-content\/uploads\/2025\/01\/SITE-MEDIO7.png\" alt=\"\" class=\"wp-image-32801\" srcset=\"https:\/\/radiostudiow.com.br\/site\/wp-content\/uploads\/2025\/01\/SITE-MEDIO7.png 598w, https:\/\/radiostudiow.com.br\/site\/wp-content\/uploads\/2025\/01\/SITE-MEDIO7-300x102.png 300w\" sizes=\"auto, (max-width: 598px) 100vw, 598px\" \/><\/figure>\n\n\n\n<p>Durante a revista pessoal no condutor e na passageira, nada de il\u00edcito foi encontrado. No entanto, ao revistar o interior do autom\u00f3vel, os agentes localizaram 236 unidades de cigarros eletr\u00f4nicos (Pods) de diversas marcas, mercadoria de comercializa\u00e7\u00e3o proibida no pa\u00eds.<\/p>\n\n\n\n<p>Diante dos fatos, os produtos e o ve\u00edculo foram apreendidos pelo Analista da Receita Federal. Os ocupantes do carro foram encaminhados \u00e0 Delegacia da Pol\u00edcia Federal de Ponta Grossa para a ado\u00e7\u00e3o das medidas cab\u00edveis.<\/p>\n\n\n\n<figure class=\"wp-block-image size-full\"><img loading=\"lazy\" decoding=\"async\" width=\"900\" height=\"408\" src=\"https:\/\/radiostudiow.com.br\/site\/wp-content\/uploads\/2025\/03\/SITE-E-TV-1.png\" alt=\"\" class=\"wp-image-35744\" srcset=\"https:\/\/radiostudiow.com.br\/site\/wp-content\/uploads\/2025\/03\/SITE-E-TV-1.png 900w, https:\/\/radiostudiow.com.br\/site\/wp-content\/uploads\/2025\/03\/SITE-E-TV-1-300x136.png 300w, https:\/\/radiostudiow.com.br\/site\/wp-content\/uploads\/2025\/03\/SITE-E-TV-1-768x348.png 768w\" sizes=\"auto, (max-width: 900px) 100vw, 900px\" \/><\/figure>\n\n\n\n<figure class=\"wp-block-image size-large\"><img loading=\"lazy\" decoding=\"async\" width=\"1024\" height=\"785\" src=\"https:\/\/radiostudiow.com.br\/site\/wp-content\/uploads\/2025\/03\/image-80-1024x785.png\" alt=\"\" class=\"wp-image-36132\" srcset=\"https:\/\/radiostudiow.com.br\/site\/wp-content\/uploads\/2025\/03\/image-80-1024x785.png 1024w, https:\/\/radiostudiow.com.br\/site\/wp-content\/uploads\/2025\/03\/image-80-300x230.png 300w, https:\/\/radiostudiow.com.br\/site\/wp-content\/uploads\/2025\/03\/image-80-768x589.png 768w, https:\/\/radiostudiow.com.br\/site\/wp-content\/uploads\/2025\/03\/image-80.png 1200w\" sizes=\"auto, (max-width: 1024px) 100vw, 1024px\" \/><figcaption class=\"wp-element-caption\">Foto: 8\u00aa CIPM<br><\/figcaption><\/figure>\n","protected":false},"excerpt":{"rendered":"<p>A equipe da Pol\u00edcia Militar de Irati recebeu informa\u00e7\u00f5es sobre um ve\u00edculo VW Voyage, de cor prata, que trafegava pela BR-277, no sentido Guarapuava-Irati, possivelmente transportando produtos il\u00edcitos por volta das 11h27min desta sexta-feira (27). Diante da den\u00fancia, equipes da PM deslocaram-se at\u00e9 a localidade de Caratuva, na zona rural de Irati\/PR, regi\u00e3o conhecida por [&hellip;]<\/p>\n","protected":false},"author":2,"featured_media":36133,"comment_status":"open","ping_status":"open","sticky":false,"template":"","format":"standard","meta":{"footnotes":""},"categories":[2],"tags":[172],"class_list":["post-36131","post","type-post","status-publish","format-standard","has-post-thumbnail","hentry","category-policial","tag-featured"],"amp_enabled":true,"_links":{"self":[{"href":"https:\/\/radiostudiow.com.br\/site\/wp-json\/wp\/v2\/posts\/36131","targetHints":{"allow":["GET"]}}],"collection":[{"href":"https:\/\/radiostudiow.com.br\/site\/wp-json\/wp\/v2\/posts"}],"about":[{"href":"https:\/\/radiostudiow.com.br\/site\/wp-json\/wp\/v2\/types\/post"}],"author":[{"embeddable":true,"href":"https:\/\/radiostudiow.com.br\/site\/wp-json\/wp\/v2\/users\/2"}],"replies":[{"embeddable":true,"href":"https:\/\/radiostudiow.com.br\/site\/wp-json\/wp\/v2\/comments?post=36131"}],"version-history":[{"count":2,"href":"https:\/\/radiostudiow.com.br\/site\/wp-json\/wp\/v2\/posts\/36131\/revisions"}],"predecessor-version":[{"id":36135,"href":"https:\/\/radiostudiow.com.br\/site\/wp-json\/wp\/v2\/posts\/36131\/revisions\/36135"}],"wp:featuredmedia":[{"embeddable":true,"href":"https:\/\/radiostudiow.com.br\/site\/wp-json\/wp\/v2\/media\/36133"}],"wp:attachment":[{"href":"https:\/\/radiostudiow.com.br\/site\/wp-json\/wp\/v2\/media?parent=36131"}],"wp:term":[{"taxonomy":"category","embeddable":true,"href":"https:\/\/radiostudiow.com.br\/site\/wp-json\/wp\/v2\/categories?post=36131"},{"taxonomy":"post_tag","embeddable":true,"href":"https:\/\/radiostudiow.com.br\/site\/wp-json\/wp\/v2\/tags?post=36131"}],"curies":[{"name":"wp","href":"https:\/\/api.w.org\/{rel}","templated":true}]}}