{"id":36142,"date":"2025-03-28T17:20:46","date_gmt":"2025-03-28T20:20:46","guid":{"rendered":"https:\/\/radiostudiow.com.br\/site\/?p=36142"},"modified":"2025-03-28T17:21:30","modified_gmt":"2025-03-28T20:21:30","slug":"durante-surto-homem-tenta-passar-com-trator-por-cima-de-viatura-da-pm-de-canoinhas","status":"publish","type":"post","link":"https:\/\/radiostudiow.com.br\/site\/2025\/03\/28\/durante-surto-homem-tenta-passar-com-trator-por-cima-de-viatura-da-pm-de-canoinhas\/","title":{"rendered":"Durante surto homem tenta passar com trator por cima de viatura da PM de Canoinhas"},"content":{"rendered":"\n<p>Na tarde desta quinta-feira, 27, a estrada geral do Salto d\u2019\u00c1gua Verde foi palco de uma situa\u00e7\u00e3o tensa que envolveu a equipe do Servi\u00e7o de Atendimento M\u00f3vel de Urg\u00eancia (Samu) e a Pol\u00edcia Militar.<\/p>\n\n\n\n<p>Tudo come\u00e7ou quando o Samu recebeu um chamado para atender um paciente, mas ao chegarem ao local, descobriram que ele n\u00e3o estava em casa.&nbsp;A irm\u00e3 do homem informou que ele havia sa\u00eddo para buscar um trator e que estava agitado ap\u00f3s ter consumido \u00e1lcool.<\/p>\n\n\n\n<p>Com a autoriza\u00e7\u00e3o da irm\u00e3, a equipe do Samu se preparou para tomar medidas de conten\u00e7\u00e3o.&nbsp;Enquanto isso, o paciente aparecia na estrada principal, dirigindo o trator. A equipe aguardou alguns minutos antes de seguir o homem, que estava a caminho da cidade.<\/p>\n\n\n\n<figure class=\"wp-block-image size-full\"><img loading=\"lazy\" decoding=\"async\" width=\"598\" height=\"204\" src=\"https:\/\/radiostudiow.com.br\/site\/wp-content\/uploads\/2025\/01\/SITE-MEDIO.png\" alt=\"\" class=\"wp-image-32810\" srcset=\"https:\/\/radiostudiow.com.br\/site\/wp-content\/uploads\/2025\/01\/SITE-MEDIO.png 598w, https:\/\/radiostudiow.com.br\/site\/wp-content\/uploads\/2025\/01\/SITE-MEDIO-300x102.png 300w\" sizes=\"auto, (max-width: 598px) 100vw, 598px\" \/><\/figure>\n\n\n\n<p>No entanto, a situa\u00e7\u00e3o rapidamente escalou quando, de repente, o paciente decidiu dar r\u00e9 e avan\u00e7ou em dire\u00e7\u00e3o \u00e0 equipe do Samu, quase colidindo com a viatura. Por sorte, o motorista conseguiu manobrar a tempo, mas a tens\u00e3o estava no ar.<\/p>\n\n\n\n<p>O homem, ent\u00e3o, come\u00e7ou a perseguir os socorristas com o trator, colocando em risco todos que estavam na estrada.&nbsp;Assim que a equipe do Samu conseguiu encontrar a viatura da PM, eles alertaram os policiais sobre a situa\u00e7\u00e3o. A equipe da PM imediatamente iniciou a persegui\u00e7\u00e3o ao trator, enquanto o Samu se afastava para garantir a seguran\u00e7a.<\/p>\n\n\n\n<p>Conforme o boletim da ocorr\u00eancia, a gravidade da situa\u00e7\u00e3o fez com que o Samu alertasse outros motoristas na via.&nbsp;O trator estava trafegando em alta velocidade e, ao se aproximar da entrada de uma casa, o condutor fez uma parada moment\u00e2nea. No entanto, ao notar a chegada da viatura policial, ele engatou a marcha \u00e0 r\u00e9 e colidiu violentamente com o carro da PM, arrastando-o por cerca de 10 metros.<\/p>\n\n\n\n<figure class=\"wp-block-image size-full\"><img loading=\"lazy\" decoding=\"async\" width=\"900\" height=\"408\" src=\"https:\/\/radiostudiow.com.br\/site\/wp-content\/uploads\/2025\/03\/SITE-E-TV-1.png\" alt=\"\" class=\"wp-image-35744\" srcset=\"https:\/\/radiostudiow.com.br\/site\/wp-content\/uploads\/2025\/03\/SITE-E-TV-1.png 900w, https:\/\/radiostudiow.com.br\/site\/wp-content\/uploads\/2025\/03\/SITE-E-TV-1-300x136.png 300w, https:\/\/radiostudiow.com.br\/site\/wp-content\/uploads\/2025\/03\/SITE-E-TV-1-768x348.png 768w\" sizes=\"auto, (max-width: 900px) 100vw, 900px\" \/><\/figure>\n\n\n\n<p>Os policiais dentro da viatura observaram os pneus do trator patinando sobre o cap\u00f4, e a situa\u00e7\u00e3o s\u00f3 n\u00e3o se agravou mais, devido a um disparo de advert\u00eancia que fez o homem frear momentaneamente. Conseguindo sair da viatura, os policiais se depararam com o homem tentando novamente avan\u00e7ar com o trator em sua dire\u00e7\u00e3o.&nbsp;Um dos policiais, ent\u00e3o, disparou contra um dos pneus do ve\u00edculo, for\u00e7ando o suspeito a descer do trator e atacar os policiais.<\/p>\n\n\n\n<p>Foi necess\u00e1rio o uso da for\u00e7a para cont\u00ea-lo, e at\u00e9 mesmo pessoas que passavam pelo local se juntaram para ajudar. Assim que o homem foi imobilizado, a equipe do Samu retornou para prestar atendimento. Com o paciente contido e algemado, os socorristas o colocaram em uma maca r\u00edgida e o levaram para a Unidade de Pronto Atendimento (UPA) de Canoinhas, onde foi medicado.<\/p>\n\n\n\n<p>Ap\u00f3s avalia\u00e7\u00e3o m\u00e9dica, ele foi preso e levado \u00e0 Delegacia.<\/p>\n\n\n\n<figure class=\"wp-block-embed is-type-video is-provider-youtube wp-block-embed-youtube wp-embed-aspect-16-9 wp-has-aspect-ratio\"><div class=\"wp-block-embed__wrapper\">\n<iframe loading=\"lazy\" title=\"Homem em surto tenta passar com trator por cima de viatura da PM em Canoinhas\" width=\"740\" height=\"416\" src=\"https:\/\/www.youtube.com\/embed\/5XX6aMFT9c4?feature=oembed\" frameborder=\"0\" allow=\"accelerometer; autoplay; clipboard-write; encrypted-media; gyroscope; picture-in-picture; web-share\" referrerpolicy=\"strict-origin-when-cross-origin\" allowfullscreen><\/iframe>\n<\/div><\/figure>\n","protected":false},"excerpt":{"rendered":"<p>Na tarde desta quinta-feira, 27, a estrada geral do Salto d\u2019\u00c1gua Verde foi palco de uma situa\u00e7\u00e3o tensa que envolveu a equipe do Servi\u00e7o de Atendimento M\u00f3vel de Urg\u00eancia (Samu) e a Pol\u00edcia Militar. Tudo come\u00e7ou quando o Samu recebeu um chamado para atender um paciente, mas ao chegarem ao local, descobriram que ele n\u00e3o [&hellip;]<\/p>\n","protected":false},"author":2,"featured_media":36144,"comment_status":"open","ping_status":"open","sticky":false,"template":"","format":"standard","meta":{"footnotes":""},"categories":[7],"tags":[],"class_list":["post-36142","post","type-post","status-publish","format-standard","has-post-thumbnail","hentry","category-geral"],"amp_enabled":true,"_links":{"self":[{"href":"https:\/\/radiostudiow.com.br\/site\/wp-json\/wp\/v2\/posts\/36142","targetHints":{"allow":["GET"]}}],"collection":[{"href":"https:\/\/radiostudiow.com.br\/site\/wp-json\/wp\/v2\/posts"}],"about":[{"href":"https:\/\/radiostudiow.com.br\/site\/wp-json\/wp\/v2\/types\/post"}],"author":[{"embeddable":true,"href":"https:\/\/radiostudiow.com.br\/site\/wp-json\/wp\/v2\/users\/2"}],"replies":[{"embeddable":true,"href":"https:\/\/radiostudiow.com.br\/site\/wp-json\/wp\/v2\/comments?post=36142"}],"version-history":[{"count":2,"href":"https:\/\/radiostudiow.com.br\/site\/wp-json\/wp\/v2\/posts\/36142\/revisions"}],"predecessor-version":[{"id":36146,"href":"https:\/\/radiostudiow.com.br\/site\/wp-json\/wp\/v2\/posts\/36142\/revisions\/36146"}],"wp:featuredmedia":[{"embeddable":true,"href":"https:\/\/radiostudiow.com.br\/site\/wp-json\/wp\/v2\/media\/36144"}],"wp:attachment":[{"href":"https:\/\/radiostudiow.com.br\/site\/wp-json\/wp\/v2\/media?parent=36142"}],"wp:term":[{"taxonomy":"category","embeddable":true,"href":"https:\/\/radiostudiow.com.br\/site\/wp-json\/wp\/v2\/categories?post=36142"},{"taxonomy":"post_tag","embeddable":true,"href":"https:\/\/radiostudiow.com.br\/site\/wp-json\/wp\/v2\/tags?post=36142"}],"curies":[{"name":"wp","href":"https:\/\/api.w.org\/{rel}","templated":true}]}}