{"id":36147,"date":"2025-03-28T18:56:34","date_gmt":"2025-03-28T21:56:34","guid":{"rendered":"https:\/\/radiostudiow.com.br\/site\/?p=36147"},"modified":"2025-03-29T08:56:16","modified_gmt":"2025-03-29T11:56:16","slug":"duas-frentes-frias-trarao-temporais-ao-parana-nos-proximos-dias","status":"publish","type":"post","link":"https:\/\/radiostudiow.com.br\/site\/2025\/03\/28\/duas-frentes-frias-trarao-temporais-ao-parana-nos-proximos-dias\/","title":{"rendered":"Frentes frias trar\u00e3o temporais ao Paran\u00e1 nos pr\u00f3ximos dias"},"content":{"rendered":"\n<p>Duas frentes frias trar\u00e3o temporais ao Paran\u00e1 nos pr\u00f3ximos dias, de acordo com o Sistema de Tecnologia e Monitoramento Ambiental do Paran\u00e1 (Simepar).<\/p>\n\n\n\n<p>A primeira delas est\u00e1 no Sul do Brasil, e trar\u00e1 impacto para as regi\u00f5es paranaenses nesse fim de semana ter\u00e1 predom\u00ednio de sol at\u00e9 a chegada da segunda frente fria, prevista para segunda-feira (31).<\/p>\n\n\n\n<p><em><strong>\u201cPequenos n\u00facleos de instabilidade se formam \u00e0 dianteira do sistema frontal e se organizam em forma de linha de instabilidade, que avan\u00e7a rapidamente pelas regi\u00f5es paranaenses ocasionando algumas pancadas fortes de chuva, raios e principalmente rajadas fortes de vento nesta sexta-feira. Isso pode trazer v\u00e1rios transtornos para certas regi\u00f5es do estado como no Noroeste e Oeste paranaense, principalmente\u201d, explica Lizandro Jacobsen, meteorologista do Simepar.<\/strong><\/em><\/p>\n\n\n\n<figure class=\"wp-block-image size-full\"><img loading=\"lazy\" decoding=\"async\" width=\"897\" height=\"204\" src=\"https:\/\/radiostudiow.com.br\/site\/wp-content\/uploads\/2025\/01\/SITE-GRANDE3.png\" alt=\"\" class=\"wp-image-32900\" srcset=\"https:\/\/radiostudiow.com.br\/site\/wp-content\/uploads\/2025\/01\/SITE-GRANDE3.png 897w, https:\/\/radiostudiow.com.br\/site\/wp-content\/uploads\/2025\/01\/SITE-GRANDE3-300x68.png 300w, https:\/\/radiostudiow.com.br\/site\/wp-content\/uploads\/2025\/01\/SITE-GRANDE3-768x175.png 768w\" sizes=\"auto, (max-width: 897px) 100vw, 897px\" \/><\/figure>\n\n\n\n<p>Na pr\u00f3xima semana, outra frente fria chega at\u00e9 o Paran\u00e1, e novamente est\u00e3o previstos temporais em v\u00e1rias regi\u00f5es do Estado.<\/p>\n\n\n\n<p><strong>&#8220;<em>\u00c9 uma caracter\u00edstica da frente fria, que \u00e9 uma zona de separa\u00e7\u00e3o entre duas massas de ar, uma de ar frio e outra de ar quente. Ela provoca redu\u00e7\u00e3o da temperatura, aumento da nebulosidade, vendavais e temporais (chuva intensa, com raios e granizo)\u201d, diz Reinaldo Kneib, meteorologista do Simepar.<\/em><\/strong><\/p>\n\n\n\n<figure class=\"wp-block-image size-full\"><img loading=\"lazy\" decoding=\"async\" width=\"900\" height=\"408\" src=\"https:\/\/radiostudiow.com.br\/site\/wp-content\/uploads\/2025\/03\/SITE-E-TV-1.png\" alt=\"\" class=\"wp-image-35744\" srcset=\"https:\/\/radiostudiow.com.br\/site\/wp-content\/uploads\/2025\/03\/SITE-E-TV-1.png 900w, https:\/\/radiostudiow.com.br\/site\/wp-content\/uploads\/2025\/03\/SITE-E-TV-1-300x136.png 300w, https:\/\/radiostudiow.com.br\/site\/wp-content\/uploads\/2025\/03\/SITE-E-TV-1-768x348.png 768w\" sizes=\"auto, (max-width: 900px) 100vw, 900px\" \/><\/figure>\n\n\n\n<p><strong>SIMEPAR<\/strong>&nbsp;&#8211; Com uma estrutura de 120 esta\u00e7\u00f5es meteorol\u00f3gicas telem\u00e9tricas autom\u00e1ticas, tr\u00eas radares meteorol\u00f3gicos e cinco sensores de descargas meteorol\u00f3gicas, o Simepar \u00e9 respons\u00e1vel por fornecer dados meteorol\u00f3gicos para \u00f3rg\u00e3os como a Coordenadoria da Defesa Civil e a Secretaria do Desenvolvimento Sustent\u00e1vel, de modo a facilitar a\u00e7\u00f5es de resposta a situa\u00e7\u00f5es extremas. S\u00e3o monitoradas desde situa\u00e7\u00f5es causadas por chuvas extremas, como enxurradas, deslizamentos e alagamentos, at\u00e9 inc\u00eandios e secas.<\/p>\n\n\n\n<p>Dados mais detalhados da previs\u00e3o do tempo para os 399 munic\u00edpios paranaenses est\u00e3o dispon\u00edveis no site&nbsp;<strong><a href=\"https:\/\/www.simepar.br\/\" target=\"_blank\" rel=\"noreferrer noopener\">www.simepar.br<\/a><\/strong>. A previs\u00e3o tem duas atualiza\u00e7\u00f5es di\u00e1rias. Para cada cidade \u00e9 poss\u00edvel saber o quanto deve chover, temperaturas m\u00ednimas e m\u00e1ximas previstas, umidade relativa do ar e vento, com detalhamento por hora para a data e o dia seguinte.<\/p>\n\n\n\n<figure class=\"wp-block-image size-large\"><img decoding=\"async\" src=\"https:\/\/radiostudiow.com.br\/site\/wp-content\/uploads\/2025\/03\/04.jpg-2-607x1024.png\" alt=\"\" class=\"wp-image-36149\"\/><\/figure>\n\n\n\n<p><\/p>\n","protected":false},"excerpt":{"rendered":"<p>Duas frentes frias trar\u00e3o temporais ao Paran\u00e1 nos pr\u00f3ximos dias, de acordo com o Sistema de Tecnologia e Monitoramento Ambiental do Paran\u00e1 (Simepar). A primeira delas est\u00e1 no Sul do Brasil, e trar\u00e1 impacto para as regi\u00f5es paranaenses nesse fim de semana ter\u00e1 predom\u00ednio de sol at\u00e9 a chegada da segunda frente fria, prevista para [&hellip;]<\/p>\n","protected":false},"author":2,"featured_media":36148,"comment_status":"open","ping_status":"open","sticky":false,"template":"","format":"standard","meta":{"footnotes":""},"categories":[7],"tags":[172],"class_list":["post-36147","post","type-post","status-publish","format-standard","has-post-thumbnail","hentry","category-geral","tag-featured"],"amp_enabled":true,"_links":{"self":[{"href":"https:\/\/radiostudiow.com.br\/site\/wp-json\/wp\/v2\/posts\/36147","targetHints":{"allow":["GET"]}}],"collection":[{"href":"https:\/\/radiostudiow.com.br\/site\/wp-json\/wp\/v2\/posts"}],"about":[{"href":"https:\/\/radiostudiow.com.br\/site\/wp-json\/wp\/v2\/types\/post"}],"author":[{"embeddable":true,"href":"https:\/\/radiostudiow.com.br\/site\/wp-json\/wp\/v2\/users\/2"}],"replies":[{"embeddable":true,"href":"https:\/\/radiostudiow.com.br\/site\/wp-json\/wp\/v2\/comments?post=36147"}],"version-history":[{"count":4,"href":"https:\/\/radiostudiow.com.br\/site\/wp-json\/wp\/v2\/posts\/36147\/revisions"}],"predecessor-version":[{"id":36158,"href":"https:\/\/radiostudiow.com.br\/site\/wp-json\/wp\/v2\/posts\/36147\/revisions\/36158"}],"wp:featuredmedia":[{"embeddable":true,"href":"https:\/\/radiostudiow.com.br\/site\/wp-json\/wp\/v2\/media\/36148"}],"wp:attachment":[{"href":"https:\/\/radiostudiow.com.br\/site\/wp-json\/wp\/v2\/media?parent=36147"}],"wp:term":[{"taxonomy":"category","embeddable":true,"href":"https:\/\/radiostudiow.com.br\/site\/wp-json\/wp\/v2\/categories?post=36147"},{"taxonomy":"post_tag","embeddable":true,"href":"https:\/\/radiostudiow.com.br\/site\/wp-json\/wp\/v2\/tags?post=36147"}],"curies":[{"name":"wp","href":"https:\/\/api.w.org\/{rel}","templated":true}]}}