{"id":36159,"date":"2025-03-29T10:11:13","date_gmt":"2025-03-29T13:11:13","guid":{"rendered":"https:\/\/radiostudiow.com.br\/site\/?p=36159"},"modified":"2025-03-29T10:11:14","modified_gmt":"2025-03-29T13:11:14","slug":"veiculo-abandonado-desde-a-madrugada-no-meio-da-via-publica-e-removido-em-uniao-da-vitoria","status":"publish","type":"post","link":"https:\/\/radiostudiow.com.br\/site\/2025\/03\/29\/veiculo-abandonado-desde-a-madrugada-no-meio-da-via-publica-e-removido-em-uniao-da-vitoria\/","title":{"rendered":"Ve\u00edculo abandonado desde a madrugada no meio da via p\u00fablica \u00e9 removido em Uni\u00e3o da Vit\u00f3ria"},"content":{"rendered":"\n<p> equipe da Pol\u00edcia Militar de Uni\u00e3o da Vit\u00f3ria foi acionada para verificar uma den\u00fancia sobre um ve\u00edculo abandonado no meio da via no bairro S\u00e3o Braz por volta das 14h38min dessa sexta-feira (28).<\/p>\n\n\n\n<p>Diante das informa\u00e7\u00f5es, os policiasi se deslocaram at\u00e9 o local, onde encontrou um VW Gol destrancado, sem chaves e sembateria, obstruindo a pista de rolamento.<\/p>\n\n\n\n<figure class=\"wp-block-image size-full\"><img loading=\"lazy\" decoding=\"async\" width=\"300\" height=\"180\" src=\"https:\/\/radiostudiow.com.br\/site\/wp-content\/uploads\/2025\/01\/SITE-PEQUENO3.png\" alt=\"\" class=\"wp-image-32851\"\/><\/figure>\n\n\n\n<p>Ao conversar com um morador pr\u00f3ximo, este informou que o ve\u00edculo estava abandonado desde a madrugada.<\/p>\n\n\n\n<p>Diante dos fatos e visando prevenir maiores transtornos, como furtos e acidentes, a equipepolicial removeu o ve\u00edculo e o encaminhou ao p\u00e1tio do 27\u00ba BPM.<\/p>\n","protected":false},"excerpt":{"rendered":"<p>equipe da Pol\u00edcia Militar de Uni\u00e3o da Vit\u00f3ria foi acionada para verificar uma den\u00fancia sobre um ve\u00edculo abandonado no meio da via no bairro S\u00e3o Braz por volta das 14h38min dessa sexta-feira (28). Diante das informa\u00e7\u00f5es, os policiasi se deslocaram at\u00e9 o local, onde encontrou um VW Gol destrancado, sem chaves e sembateria, obstruindo a [&hellip;]<\/p>\n","protected":false},"author":2,"featured_media":36160,"comment_status":"open","ping_status":"open","sticky":false,"template":"","format":"standard","meta":{"footnotes":""},"categories":[2],"tags":[172],"class_list":["post-36159","post","type-post","status-publish","format-standard","has-post-thumbnail","hentry","category-policial","tag-featured"],"amp_enabled":true,"_links":{"self":[{"href":"https:\/\/radiostudiow.com.br\/site\/wp-json\/wp\/v2\/posts\/36159","targetHints":{"allow":["GET"]}}],"collection":[{"href":"https:\/\/radiostudiow.com.br\/site\/wp-json\/wp\/v2\/posts"}],"about":[{"href":"https:\/\/radiostudiow.com.br\/site\/wp-json\/wp\/v2\/types\/post"}],"author":[{"embeddable":true,"href":"https:\/\/radiostudiow.com.br\/site\/wp-json\/wp\/v2\/users\/2"}],"replies":[{"embeddable":true,"href":"https:\/\/radiostudiow.com.br\/site\/wp-json\/wp\/v2\/comments?post=36159"}],"version-history":[{"count":1,"href":"https:\/\/radiostudiow.com.br\/site\/wp-json\/wp\/v2\/posts\/36159\/revisions"}],"predecessor-version":[{"id":36161,"href":"https:\/\/radiostudiow.com.br\/site\/wp-json\/wp\/v2\/posts\/36159\/revisions\/36161"}],"wp:featuredmedia":[{"embeddable":true,"href":"https:\/\/radiostudiow.com.br\/site\/wp-json\/wp\/v2\/media\/36160"}],"wp:attachment":[{"href":"https:\/\/radiostudiow.com.br\/site\/wp-json\/wp\/v2\/media?parent=36159"}],"wp:term":[{"taxonomy":"category","embeddable":true,"href":"https:\/\/radiostudiow.com.br\/site\/wp-json\/wp\/v2\/categories?post=36159"},{"taxonomy":"post_tag","embeddable":true,"href":"https:\/\/radiostudiow.com.br\/site\/wp-json\/wp\/v2\/tags?post=36159"}],"curies":[{"name":"wp","href":"https:\/\/api.w.org\/{rel}","templated":true}]}}