{"id":36162,"date":"2025-03-29T10:16:05","date_gmt":"2025-03-29T13:16:05","guid":{"rendered":"https:\/\/radiostudiow.com.br\/site\/?p=36162"},"modified":"2025-03-29T10:16:05","modified_gmt":"2025-03-29T13:16:05","slug":"bicicleta-furtada-em-porto-uniao-e-recuperada-em-uniao-da-vitoria","status":"publish","type":"post","link":"https:\/\/radiostudiow.com.br\/site\/2025\/03\/29\/bicicleta-furtada-em-porto-uniao-e-recuperada-em-uniao-da-vitoria\/","title":{"rendered":"Bicicleta furtada em Porto Uni\u00e3o \u00e9 recuperada em Uni\u00e3o da Vit\u00f3ria"},"content":{"rendered":"\n<p>A equipe da Pol\u00edcia Militar de Uni\u00e3o da Vit\u00f3ria foi informada de que uma bicicleta furtada em Porto Uni\u00e3o &#8211; SC, estava sendo anunciada no Facebook em Uni\u00e3o da Vit\u00f3ria &#8211; PR.<\/p>\n\n\n\n<p>A v\u00edtima do furto reconheceu seu pertence e acionou a pol\u00edcia. O caso foi registrado por volta das 21 horas dessa sexta-feira, 28 de mar\u00e7o, na localidade Ponte Nova.<\/p>\n\n\n\n<figure class=\"wp-block-image size-full\"><img loading=\"lazy\" decoding=\"async\" width=\"598\" height=\"204\" src=\"https:\/\/radiostudiow.com.br\/site\/wp-content\/uploads\/2025\/01\/SITE-MEDIO7.png\" alt=\"\" class=\"wp-image-32801\" srcset=\"https:\/\/radiostudiow.com.br\/site\/wp-content\/uploads\/2025\/01\/SITE-MEDIO7.png 598w, https:\/\/radiostudiow.com.br\/site\/wp-content\/uploads\/2025\/01\/SITE-MEDIO7-300x102.png 300w\" sizes=\"auto, (max-width: 598px) 100vw, 598px\" \/><\/figure>\n\n\n\n<p>No local foi abordado o vendedor, que alegou que havia comprado o objeto e n\u00e3o tinha conhecimento de que tratava-se de um produto de furto, contudo, reconheceu ter pago um pre\u00e7o bem abaixo do valor de mercado.<\/p>\n\n\n\n<p>A bicicleta foi apreendida eapresentada com o autor e v\u00edtima na Delegacia de Pol\u00edcia Civil.<\/p>\n","protected":false},"excerpt":{"rendered":"<p>A equipe da Pol\u00edcia Militar de Uni\u00e3o da Vit\u00f3ria foi informada de que uma bicicleta furtada em Porto Uni\u00e3o &#8211; SC, estava sendo anunciada no Facebook em Uni\u00e3o da Vit\u00f3ria &#8211; PR. A v\u00edtima do furto reconheceu seu pertence e acionou a pol\u00edcia. O caso foi registrado por volta das 21 horas dessa sexta-feira, 28 [&hellip;]<\/p>\n","protected":false},"author":2,"featured_media":33000,"comment_status":"open","ping_status":"open","sticky":false,"template":"","format":"standard","meta":{"footnotes":""},"categories":[2],"tags":[172],"class_list":["post-36162","post","type-post","status-publish","format-standard","has-post-thumbnail","hentry","category-policial","tag-featured"],"amp_enabled":true,"_links":{"self":[{"href":"https:\/\/radiostudiow.com.br\/site\/wp-json\/wp\/v2\/posts\/36162","targetHints":{"allow":["GET"]}}],"collection":[{"href":"https:\/\/radiostudiow.com.br\/site\/wp-json\/wp\/v2\/posts"}],"about":[{"href":"https:\/\/radiostudiow.com.br\/site\/wp-json\/wp\/v2\/types\/post"}],"author":[{"embeddable":true,"href":"https:\/\/radiostudiow.com.br\/site\/wp-json\/wp\/v2\/users\/2"}],"replies":[{"embeddable":true,"href":"https:\/\/radiostudiow.com.br\/site\/wp-json\/wp\/v2\/comments?post=36162"}],"version-history":[{"count":1,"href":"https:\/\/radiostudiow.com.br\/site\/wp-json\/wp\/v2\/posts\/36162\/revisions"}],"predecessor-version":[{"id":36163,"href":"https:\/\/radiostudiow.com.br\/site\/wp-json\/wp\/v2\/posts\/36162\/revisions\/36163"}],"wp:featuredmedia":[{"embeddable":true,"href":"https:\/\/radiostudiow.com.br\/site\/wp-json\/wp\/v2\/media\/33000"}],"wp:attachment":[{"href":"https:\/\/radiostudiow.com.br\/site\/wp-json\/wp\/v2\/media?parent=36162"}],"wp:term":[{"taxonomy":"category","embeddable":true,"href":"https:\/\/radiostudiow.com.br\/site\/wp-json\/wp\/v2\/categories?post=36162"},{"taxonomy":"post_tag","embeddable":true,"href":"https:\/\/radiostudiow.com.br\/site\/wp-json\/wp\/v2\/tags?post=36162"}],"curies":[{"name":"wp","href":"https:\/\/api.w.org\/{rel}","templated":true}]}}