{"id":36164,"date":"2025-03-29T11:56:51","date_gmt":"2025-03-29T14:56:51","guid":{"rendered":"https:\/\/radiostudiow.com.br\/site\/?p=36164"},"modified":"2025-03-29T11:56:52","modified_gmt":"2025-03-29T14:56:52","slug":"homem-e-preso-por-trafico-de-crack-em-sao-mateus-do-sul","status":"publish","type":"post","link":"https:\/\/radiostudiow.com.br\/site\/2025\/03\/29\/homem-e-preso-por-trafico-de-crack-em-sao-mateus-do-sul\/","title":{"rendered":"Homem \u00e9 preso por tr\u00e1fico de crack em S\u00e3o Mateus do Sul"},"content":{"rendered":"\n<p>Durante patrulhamento da Pol\u00edcia Militar de S\u00e3o Mateus do Sul pelo bairro Vila Bom Jesus, um homem foi preso por tr\u00e1fico de drogas. A pris\u00e3o ocorreu por volta das 11 horas desta sexta feira (28).<\/p>\n\n\n\n<p>De acordo com o relat\u00f3rio policial, a equipe avistou um indiv\u00edduo em atitude suspeita que, ao notar a presen\u00e7a da viatura, arremessou um objeto para longe.<\/p>\n\n\n\n<figure class=\"wp-block-image size-full\"><img loading=\"lazy\" decoding=\"async\" width=\"897\" height=\"204\" src=\"https:\/\/radiostudiow.com.br\/site\/wp-content\/uploads\/2025\/01\/SITE-GRANDE2.png\" alt=\"\" class=\"wp-image-32805\" srcset=\"https:\/\/radiostudiow.com.br\/site\/wp-content\/uploads\/2025\/01\/SITE-GRANDE2.png 897w, https:\/\/radiostudiow.com.br\/site\/wp-content\/uploads\/2025\/01\/SITE-GRANDE2-300x68.png 300w, https:\/\/radiostudiow.com.br\/site\/wp-content\/uploads\/2025\/01\/SITE-GRANDE2-768x175.png 768w\" sizes=\"auto, (max-width: 897px) 100vw, 897px\" \/><\/figure>\n\n\n\n<p>Durante a abordagem, os policiais encontraram com ele 43 pedras de crack. Ap\u00f3s verificarem o objeto descartado, constataram que se tratava de uma quantidade maior da mesma droga.<\/p>\n\n\n\n<p>Ao todo, o entorpecente apreendido pesou 11,3 gramas. Diante dos fatos, o homem recebeu voz de pris\u00e3o e foi encaminhado \u00e0 3\u00aa Subdivis\u00e3o Policial de S\u00e3o Mateus do Sul, onde permanece \u00e0 disposi\u00e7\u00e3o da Justi\u00e7a.<\/p>\n","protected":false},"excerpt":{"rendered":"<p>Durante patrulhamento da Pol\u00edcia Militar de S\u00e3o Mateus do Sul pelo bairro Vila Bom Jesus, um homem foi preso por tr\u00e1fico de drogas. A pris\u00e3o ocorreu por volta das 11 horas desta sexta feira (28). De acordo com o relat\u00f3rio policial, a equipe avistou um indiv\u00edduo em atitude suspeita que, ao notar a presen\u00e7a da [&hellip;]<\/p>\n","protected":false},"author":2,"featured_media":36185,"comment_status":"open","ping_status":"open","sticky":false,"template":"","format":"standard","meta":{"footnotes":""},"categories":[2],"tags":[172],"class_list":["post-36164","post","type-post","status-publish","format-standard","has-post-thumbnail","hentry","category-policial","tag-featured"],"amp_enabled":true,"_links":{"self":[{"href":"https:\/\/radiostudiow.com.br\/site\/wp-json\/wp\/v2\/posts\/36164","targetHints":{"allow":["GET"]}}],"collection":[{"href":"https:\/\/radiostudiow.com.br\/site\/wp-json\/wp\/v2\/posts"}],"about":[{"href":"https:\/\/radiostudiow.com.br\/site\/wp-json\/wp\/v2\/types\/post"}],"author":[{"embeddable":true,"href":"https:\/\/radiostudiow.com.br\/site\/wp-json\/wp\/v2\/users\/2"}],"replies":[{"embeddable":true,"href":"https:\/\/radiostudiow.com.br\/site\/wp-json\/wp\/v2\/comments?post=36164"}],"version-history":[{"count":2,"href":"https:\/\/radiostudiow.com.br\/site\/wp-json\/wp\/v2\/posts\/36164\/revisions"}],"predecessor-version":[{"id":36186,"href":"https:\/\/radiostudiow.com.br\/site\/wp-json\/wp\/v2\/posts\/36164\/revisions\/36186"}],"wp:featuredmedia":[{"embeddable":true,"href":"https:\/\/radiostudiow.com.br\/site\/wp-json\/wp\/v2\/media\/36185"}],"wp:attachment":[{"href":"https:\/\/radiostudiow.com.br\/site\/wp-json\/wp\/v2\/media?parent=36164"}],"wp:term":[{"taxonomy":"category","embeddable":true,"href":"https:\/\/radiostudiow.com.br\/site\/wp-json\/wp\/v2\/categories?post=36164"},{"taxonomy":"post_tag","embeddable":true,"href":"https:\/\/radiostudiow.com.br\/site\/wp-json\/wp\/v2\/tags?post=36164"}],"curies":[{"name":"wp","href":"https:\/\/api.w.org\/{rel}","templated":true}]}}