{"id":36166,"date":"2025-03-29T10:34:12","date_gmt":"2025-03-29T13:34:12","guid":{"rendered":"https:\/\/radiostudiow.com.br\/site\/?p=36166"},"modified":"2025-03-29T10:34:13","modified_gmt":"2025-03-29T13:34:13","slug":"27-edicao-do-teatro-da-paixao-de-cristo-em-irati","status":"publish","type":"post","link":"https:\/\/radiostudiow.com.br\/site\/2025\/03\/29\/27-edicao-do-teatro-da-paixao-de-cristo-em-irati\/","title":{"rendered":"27\u00b0 EDI\u00c7\u00c3O DO TEATRO DA PAIX\u00c3O DE CRISTO EM IRATI"},"content":{"rendered":"\n<p><em>Os ensaios do teatro da paix\u00e3o cristo acontecem no s\u00e1bado e domingo a partir das 19h30, no CTG Willy Laars<\/em><\/p>\n\n\n\n<p>A 27\u00b0edi\u00e7\u00e3o do teatro da paix\u00e3o de cristo do grupo de teatro s\u00e3o Francisco acontece na sexta-feira santa 18\/04 \u00e0s 19h30 no centro de tradi\u00e7\u00f5es Willy Laars em Irati<\/p>\n\n\n\n<p>A diretora do grupo de Teatro S\u00e3o Francisco se reunir\u00e1 no gabinete com o Prefeito Emiliano gomes ajustando apoio geral para realiza\u00e7\u00e3o do 27\u00b0 teatro da paix\u00e3o de cristo em Irati<\/p>\n\n\n\n<figure class=\"wp-block-image size-full\"><img loading=\"lazy\" decoding=\"async\" width=\"897\" height=\"204\" src=\"https:\/\/radiostudiow.com.br\/site\/wp-content\/uploads\/2025\/01\/SITE-GRANDE3.png\" alt=\"\" class=\"wp-image-32900\" srcset=\"https:\/\/radiostudiow.com.br\/site\/wp-content\/uploads\/2025\/01\/SITE-GRANDE3.png 897w, https:\/\/radiostudiow.com.br\/site\/wp-content\/uploads\/2025\/01\/SITE-GRANDE3-300x68.png 300w, https:\/\/radiostudiow.com.br\/site\/wp-content\/uploads\/2025\/01\/SITE-GRANDE3-768x175.png 768w\" sizes=\"auto, (max-width: 897px) 100vw, 897px\" \/><\/figure>\n\n\n\n<p>Presidente Vanderlei Kawa reuniu a diretoria do grupo de teatro com o prefeito de irati no dia 06\/03, na prefeitura de Irati<\/p>\n\n\n\n<p>Apoio: Diocese de Ponta Grossa, Par\u00f3quias de Irati e Prefeitura municipal de Irati informa\u00e7\u00f5es e imagens Vanderlei Kawa\/ grupo de Teatro S\u00e3o Francisco.<\/p>\n\n\n\n<p><em><strong>Fonte: KIKO DE OLIVEIRA NOT\u00cdCIAS<\/strong><\/em><\/p>\n\n\n\n<figure class=\"wp-block-image size-large\"><img loading=\"lazy\" decoding=\"async\" width=\"768\" height=\"1024\" src=\"https:\/\/radiostudiow.com.br\/site\/wp-content\/uploads\/2025\/03\/03-2-768x1024.jpeg\" alt=\"\" class=\"wp-image-36167\" srcset=\"https:\/\/radiostudiow.com.br\/site\/wp-content\/uploads\/2025\/03\/03-2-768x1024.jpeg 768w, https:\/\/radiostudiow.com.br\/site\/wp-content\/uploads\/2025\/03\/03-2-225x300.jpeg 225w, https:\/\/radiostudiow.com.br\/site\/wp-content\/uploads\/2025\/03\/03-2-1152x1536.jpeg 1152w, https:\/\/radiostudiow.com.br\/site\/wp-content\/uploads\/2025\/03\/03-2.jpeg 1200w\" sizes=\"auto, (max-width: 768px) 100vw, 768px\" \/><\/figure>\n","protected":false},"excerpt":{"rendered":"<p>Os ensaios do teatro da paix\u00e3o cristo acontecem no s\u00e1bado e domingo a partir das 19h30, no CTG Willy Laars A 27\u00b0edi\u00e7\u00e3o do teatro da paix\u00e3o de cristo do grupo de teatro s\u00e3o Francisco acontece na sexta-feira santa 18\/04 \u00e0s 19h30 no centro de tradi\u00e7\u00f5es Willy Laars em Irati A diretora do grupo de Teatro [&hellip;]<\/p>\n","protected":false},"author":2,"featured_media":36168,"comment_status":"open","ping_status":"open","sticky":false,"template":"","format":"standard","meta":{"footnotes":""},"categories":[185],"tags":[172],"class_list":["post-36166","post","type-post","status-publish","format-standard","has-post-thumbnail","hentry","category-regional","tag-featured"],"amp_enabled":true,"_links":{"self":[{"href":"https:\/\/radiostudiow.com.br\/site\/wp-json\/wp\/v2\/posts\/36166","targetHints":{"allow":["GET"]}}],"collection":[{"href":"https:\/\/radiostudiow.com.br\/site\/wp-json\/wp\/v2\/posts"}],"about":[{"href":"https:\/\/radiostudiow.com.br\/site\/wp-json\/wp\/v2\/types\/post"}],"author":[{"embeddable":true,"href":"https:\/\/radiostudiow.com.br\/site\/wp-json\/wp\/v2\/users\/2"}],"replies":[{"embeddable":true,"href":"https:\/\/radiostudiow.com.br\/site\/wp-json\/wp\/v2\/comments?post=36166"}],"version-history":[{"count":1,"href":"https:\/\/radiostudiow.com.br\/site\/wp-json\/wp\/v2\/posts\/36166\/revisions"}],"predecessor-version":[{"id":36169,"href":"https:\/\/radiostudiow.com.br\/site\/wp-json\/wp\/v2\/posts\/36166\/revisions\/36169"}],"wp:featuredmedia":[{"embeddable":true,"href":"https:\/\/radiostudiow.com.br\/site\/wp-json\/wp\/v2\/media\/36168"}],"wp:attachment":[{"href":"https:\/\/radiostudiow.com.br\/site\/wp-json\/wp\/v2\/media?parent=36166"}],"wp:term":[{"taxonomy":"category","embeddable":true,"href":"https:\/\/radiostudiow.com.br\/site\/wp-json\/wp\/v2\/categories?post=36166"},{"taxonomy":"post_tag","embeddable":true,"href":"https:\/\/radiostudiow.com.br\/site\/wp-json\/wp\/v2\/tags?post=36166"}],"curies":[{"name":"wp","href":"https:\/\/api.w.org\/{rel}","templated":true}]}}