{"id":36170,"date":"2025-03-29T10:46:05","date_gmt":"2025-03-29T13:46:05","guid":{"rendered":"https:\/\/radiostudiow.com.br\/site\/?p=36170"},"modified":"2025-03-29T10:46:05","modified_gmt":"2025-03-29T13:46:05","slug":"acao-com-cao-de-faro-resulta-em-apreensao-de-24-kg-de-maconha-em-prudentopolis","status":"publish","type":"post","link":"https:\/\/radiostudiow.com.br\/site\/2025\/03\/29\/acao-com-cao-de-faro-resulta-em-apreensao-de-24-kg-de-maconha-em-prudentopolis\/","title":{"rendered":"A\u00e7\u00e3o com c\u00e3o de faro resulta em apreens\u00e3o de 24 kg de maconha em Prudent\u00f3polis"},"content":{"rendered":"\n<p>Na tarde desta quinta-feira (28), uma opera\u00e7\u00e3o realizada pela equipe de Opera\u00e7\u00f5es com C\u00e3es da Pol\u00edcia Militar em Prudent\u00f3polis resultou na apreens\u00e3o de 24 quilos de maconha em um \u00f4nibus de transporte rodovi\u00e1rio da linha Foz do Igua\u00e7u\/Ponta Grossa, da empresa Princesa dos Campos.<\/p>\n\n\n\n<p>A abordagem ocorreu ap\u00f3s a equipe receber informa\u00e7\u00f5es de que o coletivo havia feito uma parada pouco antes da fiscaliza\u00e7\u00e3o. Durante a revista no bagageiro, com o aux\u00edlio do c\u00e3o policial K9 Rafiki, foi indicada uma mala preta com forte odor de subst\u00e2ncia il\u00edcita. No interior da bagagem, que estava coberta por uma grande quantidade de talco \u2014 t\u00e9cnica comumente utilizada para mascarar o cheiro da droga \u2014, os policiais encontraram os tabletes de maconha.<\/p>\n\n\n\n<figure class=\"wp-block-image size-full\"><img loading=\"lazy\" decoding=\"async\" width=\"897\" height=\"204\" src=\"https:\/\/radiostudiow.com.br\/site\/wp-content\/uploads\/2025\/03\/image-62.png\" alt=\"\" class=\"wp-image-35859\" srcset=\"https:\/\/radiostudiow.com.br\/site\/wp-content\/uploads\/2025\/03\/image-62.png 897w, https:\/\/radiostudiow.com.br\/site\/wp-content\/uploads\/2025\/03\/image-62-300x68.png 300w, https:\/\/radiostudiow.com.br\/site\/wp-content\/uploads\/2025\/03\/image-62-768x175.png 768w\" sizes=\"auto, (max-width: 897px) 100vw, 897px\" \/><\/figure>\n\n\n\n<p>Atrav\u00e9s da identifica\u00e7\u00e3o da etiqueta da bagagem, foi poss\u00edvel relacion\u00e1-la a um passageiro da poltrona 29. No entanto, ao adentrar o \u00f4nibus, a equipe foi informada pelo motorista e passageiros de que o indiv\u00edduo havia desembarcado pouco antes da abordagem, possivelmente ao notar a presen\u00e7a policial.<\/p>\n\n\n\n<p>Imagens do sistema de monitoramento da rodovi\u00e1ria municipal confirmaram que o suspeito deixou o local instantes antes da chegada da equipe. Com apoio das equipes da R\u00e1dio Patrulha Auto (RPA) de Prudent\u00f3polis, foi realizado patrulhamento nas imedia\u00e7\u00f5es, resultando na abordagem de um homem nas proximidades da rodovi\u00e1ria, cujas caracter\u00edsticas batiam com as repassadas.<\/p>\n\n\n\n<figure class=\"wp-block-image size-full\"><img loading=\"lazy\" decoding=\"async\" width=\"900\" height=\"408\" src=\"https:\/\/radiostudiow.com.br\/site\/wp-content\/uploads\/2025\/03\/SITE-E-TV-1.png\" alt=\"\" class=\"wp-image-35744\" srcset=\"https:\/\/radiostudiow.com.br\/site\/wp-content\/uploads\/2025\/03\/SITE-E-TV-1.png 900w, https:\/\/radiostudiow.com.br\/site\/wp-content\/uploads\/2025\/03\/SITE-E-TV-1-300x136.png 300w, https:\/\/radiostudiow.com.br\/site\/wp-content\/uploads\/2025\/03\/SITE-E-TV-1-768x348.png 768w\" sizes=\"auto, (max-width: 900px) 100vw, 900px\" \/><\/figure>\n\n\n\n<p>Ao ser questionado, o abordado admitiu ser o propriet\u00e1rio da bagagem e confirmou estar transportando a droga. Ele afirmou ainda que levaria o entorpecente at\u00e9 o interior de S\u00e3o Paulo, onde receberia a quantia de R$ 500,00 pelo transporte.<\/p>\n\n\n\n<p>Diante dos fatos, o suspeito foi encaminhado para atendimento m\u00e9dico para confec\u00e7\u00e3o de laudo de les\u00e3o e, em seguida, conduzido \u00e0 Delegacia de Pol\u00edcia Civil de Prudent\u00f3polis, juntamente com a droga apreendida e o aparelho celular que portava.<\/p>\n","protected":false},"excerpt":{"rendered":"<p>Na tarde desta quinta-feira (28), uma opera\u00e7\u00e3o realizada pela equipe de Opera\u00e7\u00f5es com C\u00e3es da Pol\u00edcia Militar em Prudent\u00f3polis resultou na apreens\u00e3o de 24 quilos de maconha em um \u00f4nibus de transporte rodovi\u00e1rio da linha Foz do Igua\u00e7u\/Ponta Grossa, da empresa Princesa dos Campos. A abordagem ocorreu ap\u00f3s a equipe receber informa\u00e7\u00f5es de que o [&hellip;]<\/p>\n","protected":false},"author":2,"featured_media":36172,"comment_status":"open","ping_status":"open","sticky":false,"template":"","format":"standard","meta":{"footnotes":""},"categories":[2],"tags":[172],"class_list":["post-36170","post","type-post","status-publish","format-standard","has-post-thumbnail","hentry","category-policial","tag-featured"],"amp_enabled":true,"_links":{"self":[{"href":"https:\/\/radiostudiow.com.br\/site\/wp-json\/wp\/v2\/posts\/36170","targetHints":{"allow":["GET"]}}],"collection":[{"href":"https:\/\/radiostudiow.com.br\/site\/wp-json\/wp\/v2\/posts"}],"about":[{"href":"https:\/\/radiostudiow.com.br\/site\/wp-json\/wp\/v2\/types\/post"}],"author":[{"embeddable":true,"href":"https:\/\/radiostudiow.com.br\/site\/wp-json\/wp\/v2\/users\/2"}],"replies":[{"embeddable":true,"href":"https:\/\/radiostudiow.com.br\/site\/wp-json\/wp\/v2\/comments?post=36170"}],"version-history":[{"count":1,"href":"https:\/\/radiostudiow.com.br\/site\/wp-json\/wp\/v2\/posts\/36170\/revisions"}],"predecessor-version":[{"id":36173,"href":"https:\/\/radiostudiow.com.br\/site\/wp-json\/wp\/v2\/posts\/36170\/revisions\/36173"}],"wp:featuredmedia":[{"embeddable":true,"href":"https:\/\/radiostudiow.com.br\/site\/wp-json\/wp\/v2\/media\/36172"}],"wp:attachment":[{"href":"https:\/\/radiostudiow.com.br\/site\/wp-json\/wp\/v2\/media?parent=36170"}],"wp:term":[{"taxonomy":"category","embeddable":true,"href":"https:\/\/radiostudiow.com.br\/site\/wp-json\/wp\/v2\/categories?post=36170"},{"taxonomy":"post_tag","embeddable":true,"href":"https:\/\/radiostudiow.com.br\/site\/wp-json\/wp\/v2\/tags?post=36170"}],"curies":[{"name":"wp","href":"https:\/\/api.w.org\/{rel}","templated":true}]}}