{"id":36174,"date":"2025-03-31T10:27:26","date_gmt":"2025-03-31T13:27:26","guid":{"rendered":"https:\/\/radiostudiow.com.br\/site\/?p=36174"},"modified":"2025-03-31T10:28:44","modified_gmt":"2025-03-31T13:28:44","slug":"video-2-sargento-do-corpo-de-bombeiros-de-irati-joaquim-pacholok-comenta-sobre-concurso-dos-bombeiros-e-policia-militar-do-parana","status":"publish","type":"post","link":"https:\/\/radiostudiow.com.br\/site\/2025\/03\/31\/video-2-sargento-do-corpo-de-bombeiros-de-irati-joaquim-pacholok-comenta-sobre-concurso-dos-bombeiros-e-policia-militar-do-parana\/","title":{"rendered":"V\u00cdDEO: 2\u00b0 Sargento do Corpo de Bombeiros de Irati Joaquim Pacholok comenta sobre concurso dos Bombeiros e Pol\u00edcia Militar do Paran\u00e1"},"content":{"rendered":"\n<p>Foi oficialmente lan\u00e7ado o edital do concurso p\u00fablico para Soldado da Pol\u00edcia Militar do Paran\u00e1 (PMPR). Ao todo, est\u00e3o sendo ofertadas\u00a02.000 vagas\u00a0para o cargo, com\u00a0remunera\u00e7\u00e3o de R$ 6.101,87\u00a0ap\u00f3s a conclus\u00e3o do curso de forma\u00e7\u00e3o.<\/p>\n\n\n\n<p class=\"has-undefined-color has-text-color has-link-color wp-elements-8ccf44bdd6434265c43c1b66d9f93608\">As\u00a0inscri\u00e7\u00f5es estar\u00e3o abertas de 14 de abril a 13 de maio de 2025, exclusivamente pelo site do\u00a0Instituto Brasileiro de Forma\u00e7\u00e3o e Capacita\u00e7\u00e3o (IBFC), organizador do certame. O edital completo e todas as informa\u00e7\u00f5es est\u00e3o dispon\u00edveis no endere\u00e7o:\u00a0<strong><a class=\"\" href=\"http:\/\/www.ibfc.org.br\/\">www.ibfc.org.br<\/a>.<\/strong><\/p>\n\n\n\n<figure class=\"wp-block-image size-full\"><img loading=\"lazy\" decoding=\"async\" width=\"897\" height=\"204\" src=\"https:\/\/radiostudiow.com.br\/site\/wp-content\/uploads\/2025\/03\/image-62.png\" alt=\"\" class=\"wp-image-35859\" srcset=\"https:\/\/radiostudiow.com.br\/site\/wp-content\/uploads\/2025\/03\/image-62.png 897w, https:\/\/radiostudiow.com.br\/site\/wp-content\/uploads\/2025\/03\/image-62-300x68.png 300w, https:\/\/radiostudiow.com.br\/site\/wp-content\/uploads\/2025\/03\/image-62-768x175.png 768w\" sizes=\"auto, (max-width: 897px) 100vw, 897px\" \/><\/figure>\n\n\n\n<p>A sele\u00e7\u00e3o representa uma oportunidade valiosa para quem sonha em ingressar na carreira policial e integrar uma das institui\u00e7\u00f5es de seguran\u00e7a p\u00fablica mais respeitadas do pa\u00eds.<\/p>\n\n\n\n<p>Al\u00e9m do bom sal\u00e1rio, o cargo oferece estabilidade, possibilidade de crescimento na carreira e a chance de atuar diretamente na prote\u00e7\u00e3o da sociedade paranaense.<\/p>\n\n\n\n<figure class=\"wp-block-gallery has-nested-images columns-default is-cropped wp-block-gallery-1 is-layout-flex wp-block-gallery-is-layout-flex\">\n<figure class=\"wp-block-image size-large\"><img loading=\"lazy\" decoding=\"async\" width=\"1024\" height=\"1024\" data-id=\"36203\" src=\"https:\/\/radiostudiow.com.br\/site\/wp-content\/uploads\/2025\/03\/07-1024x1024.jpeg\" alt=\"\" class=\"wp-image-36203\" srcset=\"https:\/\/radiostudiow.com.br\/site\/wp-content\/uploads\/2025\/03\/07-1024x1024.jpeg 1024w, https:\/\/radiostudiow.com.br\/site\/wp-content\/uploads\/2025\/03\/07-300x300.jpeg 300w, https:\/\/radiostudiow.com.br\/site\/wp-content\/uploads\/2025\/03\/07-768x768.jpeg 768w, https:\/\/radiostudiow.com.br\/site\/wp-content\/uploads\/2025\/03\/07-80x80.jpeg 80w, https:\/\/radiostudiow.com.br\/site\/wp-content\/uploads\/2025\/03\/07.jpeg 1080w\" sizes=\"auto, (max-width: 1024px) 100vw, 1024px\" \/><\/figure>\n\n\n\n<figure class=\"wp-block-image size-large\"><img loading=\"lazy\" decoding=\"async\" width=\"1024\" height=\"1013\" data-id=\"36202\" src=\"https:\/\/radiostudiow.com.br\/site\/wp-content\/uploads\/2025\/03\/08-1024x1013.jpeg\" alt=\"\" class=\"wp-image-36202\" srcset=\"https:\/\/radiostudiow.com.br\/site\/wp-content\/uploads\/2025\/03\/08-1024x1013.jpeg 1024w, https:\/\/radiostudiow.com.br\/site\/wp-content\/uploads\/2025\/03\/08-300x297.jpeg 300w, https:\/\/radiostudiow.com.br\/site\/wp-content\/uploads\/2025\/03\/08-768x760.jpeg 768w, https:\/\/radiostudiow.com.br\/site\/wp-content\/uploads\/2025\/03\/08-80x80.jpeg 80w, https:\/\/radiostudiow.com.br\/site\/wp-content\/uploads\/2025\/03\/08.jpeg 1170w\" sizes=\"auto, (max-width: 1024px) 100vw, 1024px\" \/><\/figure>\n<\/figure>\n\n\n\n<h3 class=\"wp-block-heading\"><strong>Fique por dentro<\/strong><\/h3>\n\n\n\n<p>Candidatos interessados devem ficar atentos aos prazos e aos requisitos exigidos para o cargo. A recomenda\u00e7\u00e3o \u00e9 iniciar ou intensificar os estudos o quanto antes.<\/p>\n\n\n\n<p>Compartilhe essa oportunidade com amigos e familiares que estejam se preparando para concursos na \u00e1rea da seguran\u00e7a p\u00fablica. E para mais novidades, dicas de prepara\u00e7\u00e3o e curiosidades sobre a PMPR, continue acompanhando nosso perfil!<\/p>\n\n\n\n<figure class=\"wp-block-video\"><video height=\"720\" style=\"aspect-ratio: 1280 \/ 720;\" width=\"1280\" controls src=\"https:\/\/radiostudiow.com.br\/site\/wp-content\/uploads\/2025\/03\/TV.mp4\"><\/video><\/figure>\n","protected":false},"excerpt":{"rendered":"<p>Foi oficialmente lan\u00e7ado o edital do concurso p\u00fablico para Soldado da Pol\u00edcia Militar do Paran\u00e1 (PMPR). Ao todo, est\u00e3o sendo ofertadas\u00a02.000 vagas\u00a0para o cargo, com\u00a0remunera\u00e7\u00e3o de R$ 6.101,87\u00a0ap\u00f3s a conclus\u00e3o do curso de forma\u00e7\u00e3o. As\u00a0inscri\u00e7\u00f5es estar\u00e3o abertas de 14 de abril a 13 de maio de 2025, exclusivamente pelo site do\u00a0Instituto Brasileiro de Forma\u00e7\u00e3o e [&hellip;]<\/p>\n","protected":false},"author":2,"featured_media":36205,"comment_status":"open","ping_status":"open","sticky":false,"template":"","format":"video","meta":{"footnotes":""},"categories":[7],"tags":[172],"class_list":["post-36174","post","type-post","status-publish","format-video","has-post-thumbnail","hentry","category-geral","tag-featured","post_format-post-format-video"],"amp_enabled":true,"_links":{"self":[{"href":"https:\/\/radiostudiow.com.br\/site\/wp-json\/wp\/v2\/posts\/36174","targetHints":{"allow":["GET"]}}],"collection":[{"href":"https:\/\/radiostudiow.com.br\/site\/wp-json\/wp\/v2\/posts"}],"about":[{"href":"https:\/\/radiostudiow.com.br\/site\/wp-json\/wp\/v2\/types\/post"}],"author":[{"embeddable":true,"href":"https:\/\/radiostudiow.com.br\/site\/wp-json\/wp\/v2\/users\/2"}],"replies":[{"embeddable":true,"href":"https:\/\/radiostudiow.com.br\/site\/wp-json\/wp\/v2\/comments?post=36174"}],"version-history":[{"count":4,"href":"https:\/\/radiostudiow.com.br\/site\/wp-json\/wp\/v2\/posts\/36174\/revisions"}],"predecessor-version":[{"id":36209,"href":"https:\/\/radiostudiow.com.br\/site\/wp-json\/wp\/v2\/posts\/36174\/revisions\/36209"}],"wp:featuredmedia":[{"embeddable":true,"href":"https:\/\/radiostudiow.com.br\/site\/wp-json\/wp\/v2\/media\/36205"}],"wp:attachment":[{"href":"https:\/\/radiostudiow.com.br\/site\/wp-json\/wp\/v2\/media?parent=36174"}],"wp:term":[{"taxonomy":"category","embeddable":true,"href":"https:\/\/radiostudiow.com.br\/site\/wp-json\/wp\/v2\/categories?post=36174"},{"taxonomy":"post_tag","embeddable":true,"href":"https:\/\/radiostudiow.com.br\/site\/wp-json\/wp\/v2\/tags?post=36174"}],"curies":[{"name":"wp","href":"https:\/\/api.w.org\/{rel}","templated":true}]}}