{"id":36176,"date":"2025-03-29T10:56:56","date_gmt":"2025-03-29T13:56:56","guid":{"rendered":"https:\/\/radiostudiow.com.br\/site\/?p=36176"},"modified":"2025-03-29T10:56:57","modified_gmt":"2025-03-29T13:56:57","slug":"saque-de-cotas-do-pis-pasep-veja-prazos-e-como-resgatar-o-dinheiro-esquecido","status":"publish","type":"post","link":"https:\/\/radiostudiow.com.br\/site\/2025\/03\/29\/saque-de-cotas-do-pis-pasep-veja-prazos-e-como-resgatar-o-dinheiro-esquecido\/","title":{"rendered":"Saque de cotas do PIS\/Pasep: veja prazos e como resgatar o dinheiro esquecido"},"content":{"rendered":"\n<p>O prazo para saque de cotas esquecidas do antigo fundo do Programa de Integra\u00e7\u00e3o Social (PIS) e do Programa de Forma\u00e7\u00e3o de Patrim\u00f4nio do Servidor P\u00fablico (Pasep) come\u00e7a nesta sexta-feira (28). Cerca de 10,5 milh\u00f5es de trabalhadores com carteira assinada entre 1971 e 1988 t\u00eam direito ao resgate. Herdeiros tamb\u00e9m podem solicitar o saque.<\/p>\n\n\n\n<figure class=\"wp-block-image size-full\"><img loading=\"lazy\" decoding=\"async\" width=\"598\" height=\"204\" src=\"https:\/\/radiostudiow.com.br\/site\/wp-content\/uploads\/2025\/01\/SITE-MEDIO3.png\" alt=\"\" class=\"wp-image-32815\" srcset=\"https:\/\/radiostudiow.com.br\/site\/wp-content\/uploads\/2025\/01\/SITE-MEDIO3.png 598w, https:\/\/radiostudiow.com.br\/site\/wp-content\/uploads\/2025\/01\/SITE-MEDIO3-300x102.png 300w\" sizes=\"auto, (max-width: 598px) 100vw, 598px\" \/><\/figure>\n\n\n\n<p>Os valores podem ser retirados at\u00e9 26 de janeiro de 2026, conforme a data da solicita\u00e7\u00e3o. Hoje, recebem aqueles que pediram at\u00e9 28 de fevereiro de 2025. Quem fizer a solicita\u00e7\u00e3o at\u00e9 31 de mar\u00e7o, poder\u00e1 sacar em 25 de abril, e assim sucessivamente. Confira o cronograma:<\/p>\n\n\n\n<h3 class=\"wp-block-heading\"><strong>Calend\u00e1rio de pagamentos das cotas do PIS\/Pasep<\/strong><\/h3>\n\n\n\n<figure class=\"wp-block-table\"><table class=\"has-fixed-layout\"><tbody><tr><th><strong>Pedidos feitos at\u00e9<\/strong><\/th><th><strong>Data do pagamento<\/strong><\/th><\/tr><tr><td>28\/02\/2025<\/td><td>28\/03\/2025 (sexta-feira)<\/td><\/tr><tr><td>31\/03\/2025<\/td><td>25\/04\/2025 (sexta-feira)<\/td><\/tr><tr><td>30\/04\/2025<\/td><td>26\/05\/2025 (segunda-feira)<\/td><\/tr><tr><td>31\/05\/2025<\/td><td>25\/06\/2025 (quarta-feira)<\/td><\/tr><tr><td>30\/06\/2025<\/td><td>25\/07\/2025 (sexta-feira)<\/td><\/tr><tr><td>31\/07\/2025<\/td><td>25\/08\/2025 (segunda-feira)<\/td><\/tr><tr><td>31\/08\/2025<\/td><td>25\/09\/2025 (quinta-feira)<\/td><\/tr><tr><td>30\/09\/2025<\/td><td>27\/10\/2025 (segunda-feira)<\/td><\/tr><tr><td>31\/10\/2025<\/td><td>25\/11\/2025 (ter\u00e7a-feira)<\/td><\/tr><tr><td>30\/11\/2025<\/td><td>26\/12\/2025 (sexta-feira)<\/td><\/tr><tr><td>31\/12\/2025<\/td><td>26\/01\/2026 (segunda-feira)<\/td><\/tr><\/tbody><\/table><\/figure>\n\n\n\n<h3 class=\"wp-block-heading\"><strong>Como solicitar o saque<\/strong><\/h3>\n\n\n\n<p>A m\u00e9dia de valor a ser recebido por trabalhador \u00e9 de R$ 2,8 mil, segundo o Minist\u00e9rio da Fazenda. A solicita\u00e7\u00e3o deve ser feita pelo aplicativo FGTS ou pela plataforma Repis Cidad\u00e3o. Desde setembro de 2023, cerca de 25 mil trabalhadores, herdeiros ou benefici\u00e1rios j\u00e1 pediram o saque nas ag\u00eancias da Caixa Econ\u00f4mica Federal.<\/p>\n\n\n\n<p>Com a atualiza\u00e7\u00e3o do aplicativo FGTS e a nova plataforma do Minist\u00e9rio da Fazenda, o pedido n\u00e3o precisa mais ser feito presencialmente. Os valores do fundo PIS\/Pasep, que somam cerca de R$ 26 bilh\u00f5es, estavam no Tesouro Nacional e foram liberados para saque por determina\u00e7\u00e3o da Emenda Constitucional da Transi\u00e7\u00e3o, de dezembro de 2022.<\/p>\n\n\n\n<figure class=\"wp-block-image size-full\"><img loading=\"lazy\" decoding=\"async\" width=\"900\" height=\"408\" src=\"https:\/\/radiostudiow.com.br\/site\/wp-content\/uploads\/2025\/03\/SITE-E-TV-1.png\" alt=\"\" class=\"wp-image-35744\" srcset=\"https:\/\/radiostudiow.com.br\/site\/wp-content\/uploads\/2025\/03\/SITE-E-TV-1.png 900w, https:\/\/radiostudiow.com.br\/site\/wp-content\/uploads\/2025\/03\/SITE-E-TV-1-300x136.png 300w, https:\/\/radiostudiow.com.br\/site\/wp-content\/uploads\/2025\/03\/SITE-E-TV-1-768x348.png 768w\" sizes=\"auto, (max-width: 900px) 100vw, 900px\" \/><\/figure>\n\n\n\n<h3 class=\"wp-block-heading\"><strong>Forma de pagamento<\/strong><\/h3>\n\n\n\n<p>A Caixa Econ\u00f4mica Federal encaminhar\u00e1 os pedidos aprovados ao Minist\u00e9rio da Fazenda. Os valores ser\u00e3o corrigidos pelo \u00cdndice Nacional de Pre\u00e7os ao Consumidor Amplo 15 (IPCA-15) e creditados diretamente na conta banc\u00e1ria do benefici\u00e1rio na Caixa ou em conta poupan\u00e7a social digital, acess\u00edvel pelo aplicativo Caixa Tem.<\/p>\n\n\n\n<p>O pagamento est\u00e1 sujeito \u00e0 disponibilidade or\u00e7ament\u00e1ria do governo. Caso n\u00e3o haja recursos suficientes no ano vigente, o valor ser\u00e1 pago no ano seguinte com corre\u00e7\u00e3o monet\u00e1ria.<\/p>\n\n\n\n<figure class=\"wp-block-image size-full\"><img loading=\"lazy\" decoding=\"async\" width=\"300\" height=\"200\" src=\"https:\/\/radiostudiow.com.br\/site\/wp-content\/uploads\/2025\/01\/anigif_pqno.gif\" alt=\"\" class=\"wp-image-32979\"\/><\/figure>\n\n\n\n<h3 class=\"wp-block-heading\"><strong>Hist\u00f3rico do Fundo PIS\/Pasep<\/strong><\/h3>\n\n\n\n<p>Criado para complementar a renda de trabalhadores com carteira assinada entre 1971 e 1988, o antigo Fundo PIS\/Pasep n\u00e3o tem rela\u00e7\u00e3o com o abono salarial do PIS\/Pasep, pago anualmente. Inicialmente, os saques s\u00f3 podiam ser feitos em situa\u00e7\u00f5es especiais, como aposentadoria ou doen\u00e7a.<\/p>\n\n\n\n<p>Muitos benefici\u00e1rios desconheciam esse saldo, mesmo ap\u00f3s campanhas de divulga\u00e7\u00e3o. Em 2018, o governo liberou o saque por oito meses, mas ainda restavam R$ 35 bilh\u00f5es esquecidos. Em 2019, as regras foram flexibilizadas para facilitar o saque por herdeiros.<\/p>\n\n\n\n<p>Em abril de 2020, com a pandemia da covid-19, uma medida provis\u00f3ria extinguiu o fundo e transferiu os recursos para contas do FGTS em nome dos trabalhadores. Desde ent\u00e3o, os saques podem ser solicitados pelo aplicativo FGTS, sem necessidade de ir a uma ag\u00eancia banc\u00e1ria.<\/p>\n\n\n\n<p><\/p>\n","protected":false},"excerpt":{"rendered":"<p>O prazo para saque de cotas esquecidas do antigo fundo do Programa de Integra\u00e7\u00e3o Social (PIS) e do Programa de Forma\u00e7\u00e3o de Patrim\u00f4nio do Servidor P\u00fablico (Pasep) come\u00e7a nesta sexta-feira (28). Cerca de 10,5 milh\u00f5es de trabalhadores com carteira assinada entre 1971 e 1988 t\u00eam direito ao resgate. Herdeiros tamb\u00e9m podem solicitar o saque. Os [&hellip;]<\/p>\n","protected":false},"author":2,"featured_media":36177,"comment_status":"open","ping_status":"open","sticky":false,"template":"","format":"standard","meta":{"footnotes":""},"categories":[7],"tags":[172],"class_list":["post-36176","post","type-post","status-publish","format-standard","has-post-thumbnail","hentry","category-geral","tag-featured"],"amp_enabled":true,"_links":{"self":[{"href":"https:\/\/radiostudiow.com.br\/site\/wp-json\/wp\/v2\/posts\/36176","targetHints":{"allow":["GET"]}}],"collection":[{"href":"https:\/\/radiostudiow.com.br\/site\/wp-json\/wp\/v2\/posts"}],"about":[{"href":"https:\/\/radiostudiow.com.br\/site\/wp-json\/wp\/v2\/types\/post"}],"author":[{"embeddable":true,"href":"https:\/\/radiostudiow.com.br\/site\/wp-json\/wp\/v2\/users\/2"}],"replies":[{"embeddable":true,"href":"https:\/\/radiostudiow.com.br\/site\/wp-json\/wp\/v2\/comments?post=36176"}],"version-history":[{"count":1,"href":"https:\/\/radiostudiow.com.br\/site\/wp-json\/wp\/v2\/posts\/36176\/revisions"}],"predecessor-version":[{"id":36178,"href":"https:\/\/radiostudiow.com.br\/site\/wp-json\/wp\/v2\/posts\/36176\/revisions\/36178"}],"wp:featuredmedia":[{"embeddable":true,"href":"https:\/\/radiostudiow.com.br\/site\/wp-json\/wp\/v2\/media\/36177"}],"wp:attachment":[{"href":"https:\/\/radiostudiow.com.br\/site\/wp-json\/wp\/v2\/media?parent=36176"}],"wp:term":[{"taxonomy":"category","embeddable":true,"href":"https:\/\/radiostudiow.com.br\/site\/wp-json\/wp\/v2\/categories?post=36176"},{"taxonomy":"post_tag","embeddable":true,"href":"https:\/\/radiostudiow.com.br\/site\/wp-json\/wp\/v2\/tags?post=36176"}],"curies":[{"name":"wp","href":"https:\/\/api.w.org\/{rel}","templated":true}]}}