{"id":36189,"date":"2025-03-30T22:23:29","date_gmt":"2025-03-31T01:23:29","guid":{"rendered":"https:\/\/radiostudiow.com.br\/site\/?p=36189"},"modified":"2025-03-31T09:32:47","modified_gmt":"2025-03-31T12:32:47","slug":"trabalho-intenso-de-buscas-de-bombeiros-brigadistas-e-vizinhos-localizam-idosa-desaparecida-em-mallet-apos-dia-inteiro-de-buscas","status":"publish","type":"post","link":"https:\/\/radiostudiow.com.br\/site\/2025\/03\/30\/trabalho-intenso-de-buscas-de-bombeiros-brigadistas-e-vizinhos-localizam-idosa-desaparecida-em-mallet-apos-dia-inteiro-de-buscas\/","title":{"rendered":"Trabalho intenso de buscas de Bombeiros, Brigadistas e Vizinhos Localizam Idosa Desaparecida em Mallet, Ap\u00f3s Dia Inteiro de Buscas"},"content":{"rendered":"\n<p><\/p>\n\n\n\n<p><strong>O incans\u00e1vel trabalho dos Bombeiros Militares e Brigadistas Comunit\u00e1rios de Mallet e colaboradores  garantiram um desfecho positivo para o desaparecimento de uma idosa de 71 anos, ocorrido na manh\u00e3 deste domingo (30) na Col\u00f4nia D\u00falcio, em Mallet.<\/strong><\/p>\n\n\n\n<p>A senhora, portadora do mal de Alzheimer, foi encontrada com vida no final da tarde, a <strong>aproximadamente 3 km de sua resid\u00eancia.<\/strong><\/p>\n\n\n\n<p><\/p>\n\n\n\n<figure class=\"wp-block-image size-full\"><img loading=\"lazy\" decoding=\"async\" width=\"435\" height=\"401\" src=\"https:\/\/radiostudiow.com.br\/site\/wp-content\/uploads\/2025\/03\/desparecia-1.jpg\" alt=\"\" class=\"wp-image-36190\" srcset=\"https:\/\/radiostudiow.com.br\/site\/wp-content\/uploads\/2025\/03\/desparecia-1.jpg 435w, https:\/\/radiostudiow.com.br\/site\/wp-content\/uploads\/2025\/03\/desparecia-1-300x277.jpg 300w\" sizes=\"auto, (max-width: 435px) 100vw, 435px\" \/><\/figure>\n\n\n\n<p><\/p>\n\n\n\n<figure class=\"wp-block-image size-full\"><img loading=\"lazy\" decoding=\"async\" width=\"897\" height=\"204\" src=\"https:\/\/radiostudiow.com.br\/site\/wp-content\/uploads\/2025\/03\/image-62.png\" alt=\"\" class=\"wp-image-35859\" srcset=\"https:\/\/radiostudiow.com.br\/site\/wp-content\/uploads\/2025\/03\/image-62.png 897w, https:\/\/radiostudiow.com.br\/site\/wp-content\/uploads\/2025\/03\/image-62-300x68.png 300w, https:\/\/radiostudiow.com.br\/site\/wp-content\/uploads\/2025\/03\/image-62-768x175.png 768w\" sizes=\"auto, (max-width: 897px) 100vw, 897px\" \/><\/figure>\n\n\n\n<p><\/p>\n\n\n\n<p>O desaparecimento foi percebido pelos familiares por volta das 6h10, e logo na sequencia iniciaram as primeiras buscas.<\/p>\n\n\n\n<p>A preocupa\u00e7\u00e3o cresceu rapidamente devido ao hist\u00f3rico da idosa e \u00e0s condi\u00e7\u00f5es de sa\u00fade que poderiam colocar sua vida em risco. Familiares e membros da comunidade mobilizaram-se, utilizando as redes sociais para divulgar apelos em busca de informa\u00e7\u00f5es sobre seu paradeiro.<\/p>\n\n\n\n<p><strong>A equipe dos Bombeiros Militares, composta pelo Tenente Yamachita, Sargento Avelar, Sargento Zarowni, Sargento Venar e o Sargento Joaquim Pacholak,<\/strong> foi acionada para auxiliar nas buscas.<\/p>\n\n\n\n<p><strong>Os Brigadistas Comunit\u00e1rios de Mallet, Rubens, Cleverson e Ildefonso<\/strong>, tamb\u00e9m se uniram \u00e0 opera\u00e7\u00e3o de resgate, percorrendo a regi\u00e3o em busca da idosa.<\/p>\n\n\n\n<p>Alem da presen\u00e7a dos Policiais do 3\u00ba Pelot\u00e3o Cabo Abr\u00e3o Kanclarovicz, ajudando nas buscas.<\/p>\n\n\n\n<p>Com o passar das horas, a apreens\u00e3o aumentava. <strong>&#8220;A cada minuto que passava, a situa\u00e7\u00e3o se tornava mais delicada. Nossa maior preocupa\u00e7\u00e3o era encontr\u00e1-la antes do anoitecer, pois sua vida poderia estar em risco&#8221;<\/strong>, afirmou o Sargento Joaquim Pacholak, do Corpo de Bombeiros de Irati, que coordena os Brigadistas de Mallet.<\/p>\n\n\n\n<figure class=\"wp-block-image size-full\"><img loading=\"lazy\" decoding=\"async\" width=\"897\" height=\"204\" src=\"https:\/\/radiostudiow.com.br\/site\/wp-content\/uploads\/2025\/03\/BARAO-NOVO-NOTICIAS-1.jpg\" alt=\"\" class=\"wp-image-35084\" srcset=\"https:\/\/radiostudiow.com.br\/site\/wp-content\/uploads\/2025\/03\/BARAO-NOVO-NOTICIAS-1.jpg 897w, https:\/\/radiostudiow.com.br\/site\/wp-content\/uploads\/2025\/03\/BARAO-NOVO-NOTICIAS-1-300x68.jpg 300w, https:\/\/radiostudiow.com.br\/site\/wp-content\/uploads\/2025\/03\/BARAO-NOVO-NOTICIAS-1-768x175.jpg 768w\" sizes=\"auto, (max-width: 897px) 100vw, 897px\" \/><\/figure>\n\n\n\n<p><\/p>\n\n\n\n<p>Para otimizar as buscas, o Sargento Pacholak solicitou apoio da Studio W, que disponibilizou um drone para realizar uma varredura na \u00e1rea, especialmente em regi\u00f5es de plantio de soja pr\u00f3ximas \u00e0 resid\u00eancia da desaparecida.<\/p>\n\n\n\n<p>Durante o sobrevoo, um outro drone utilizado para servi\u00e7os de GPS do <strong>Sr. Karino Jesurski, localizou a idosa por volta das 17h15, em um campo onde a colheita da soja j\u00e1 havia sido conclu\u00edda<\/strong>. Ap\u00f3s a localiza\u00e7\u00e3o ele se deslocou at\u00e9 o local trazendo a v\u00edtima at\u00e9 uma casa pr\u00f3xima.<\/p>\n\n\n\n<p><\/p>\n\n\n\n<figure class=\"wp-block-image size-large\"><img loading=\"lazy\" decoding=\"async\" width=\"1024\" height=\"541\" src=\"https:\/\/radiostudiow.com.br\/site\/wp-content\/uploads\/2025\/03\/7f8fb044-5bb7-4728-91ab-40e1cc176c55-1024x541.jpg\" alt=\"\" class=\"wp-image-36191\" srcset=\"https:\/\/radiostudiow.com.br\/site\/wp-content\/uploads\/2025\/03\/7f8fb044-5bb7-4728-91ab-40e1cc176c55-1024x541.jpg 1024w, https:\/\/radiostudiow.com.br\/site\/wp-content\/uploads\/2025\/03\/7f8fb044-5bb7-4728-91ab-40e1cc176c55-300x159.jpg 300w, https:\/\/radiostudiow.com.br\/site\/wp-content\/uploads\/2025\/03\/7f8fb044-5bb7-4728-91ab-40e1cc176c55-768x406.jpg 768w, https:\/\/radiostudiow.com.br\/site\/wp-content\/uploads\/2025\/03\/7f8fb044-5bb7-4728-91ab-40e1cc176c55.jpg 1080w\" sizes=\"auto, (max-width: 1024px) 100vw, 1024px\" \/><\/figure>\n\n\n\n<p><\/p>\n\n\n\n<figure class=\"wp-block-image size-full\"><img loading=\"lazy\" decoding=\"async\" width=\"897\" height=\"204\" src=\"https:\/\/radiostudiow.com.br\/site\/wp-content\/uploads\/2025\/02\/SITE-GRANDE7.png\" alt=\"\" class=\"wp-image-33861\" srcset=\"https:\/\/radiostudiow.com.br\/site\/wp-content\/uploads\/2025\/02\/SITE-GRANDE7.png 897w, https:\/\/radiostudiow.com.br\/site\/wp-content\/uploads\/2025\/02\/SITE-GRANDE7-300x68.png 300w, https:\/\/radiostudiow.com.br\/site\/wp-content\/uploads\/2025\/02\/SITE-GRANDE7-768x175.png 768w\" sizes=\"auto, (max-width: 897px) 100vw, 897px\" \/><\/figure>\n\n\n\n<p><\/p>\n\n\n\n<p>A Ambul\u00e2ncia de Plant\u00e3o de Mallet foi acionada imediatamente, prestando os primeiros atendimentos e encaminhando a idosa para avalia\u00e7\u00e3o m\u00e9dica.<\/p>\n\n\n\n<p>Gra\u00e7as ao esfor\u00e7o conjunto da comunidade, bombeiros e brigadistas, a senhora foi encontrada a tempo e levada para os devidos cuidados.<\/p>\n\n\n\n<h2 class=\"wp-block-heading\">A hist\u00f3ria completa da opera\u00e7\u00e3o de resgate ser\u00e1 detalhada nesta segunda-feira, \u00e0s 20h, no programa W Not\u00edcias, da Studio W TV, com entrevista exclusiva do Sargento Joaquim Pacholak, que contar\u00e1 sobre os desafios enfrentados e a emo\u00e7\u00e3o de encontrar a idosa com vida.<\/h2>\n\n\n\n<p><\/p>\n\n\n\n<figure class=\"wp-block-image size-large\"><img loading=\"lazy\" decoding=\"async\" width=\"1024\" height=\"565\" src=\"https:\/\/radiostudiow.com.br\/site\/wp-content\/uploads\/2025\/03\/407d2eec-11b9-4059-aebb-a20295d02040-1024x565.jpg\" alt=\"\" class=\"wp-image-36192\" srcset=\"https:\/\/radiostudiow.com.br\/site\/wp-content\/uploads\/2025\/03\/407d2eec-11b9-4059-aebb-a20295d02040-1024x565.jpg 1024w, https:\/\/radiostudiow.com.br\/site\/wp-content\/uploads\/2025\/03\/407d2eec-11b9-4059-aebb-a20295d02040-300x166.jpg 300w, https:\/\/radiostudiow.com.br\/site\/wp-content\/uploads\/2025\/03\/407d2eec-11b9-4059-aebb-a20295d02040-768x424.jpg 768w, https:\/\/radiostudiow.com.br\/site\/wp-content\/uploads\/2025\/03\/407d2eec-11b9-4059-aebb-a20295d02040.jpg 1080w\" sizes=\"auto, (max-width: 1024px) 100vw, 1024px\" \/><\/figure>\n\n\n\n<p><\/p>\n\n\n\n<p>A dedica\u00e7\u00e3o dos profissionais envolvidos refor\u00e7a a import\u00e2ncia do trabalho dos Bombeiros Militares e Brigadistas Comunit\u00e1rios, que n\u00e3o medem esfor\u00e7os para proteger vidas.<\/p>\n\n\n\n<h2 class=\"wp-block-heading\">REPORTAGEM: W NOT\u00cdCIAS &#8211; Studio W<\/h2>\n\n\n\n<figure class=\"wp-block-image size-full\"><img loading=\"lazy\" decoding=\"async\" width=\"897\" height=\"204\" src=\"https:\/\/radiostudiow.com.br\/site\/wp-content\/uploads\/2024\/08\/TIJOLAO.png\" alt=\"\" class=\"wp-image-25951\" srcset=\"https:\/\/radiostudiow.com.br\/site\/wp-content\/uploads\/2024\/08\/TIJOLAO.png 897w, https:\/\/radiostudiow.com.br\/site\/wp-content\/uploads\/2024\/08\/TIJOLAO-300x68.png 300w, https:\/\/radiostudiow.com.br\/site\/wp-content\/uploads\/2024\/08\/TIJOLAO-768x175.png 768w\" sizes=\"auto, (max-width: 897px) 100vw, 897px\" \/><\/figure>\n","protected":false},"excerpt":{"rendered":"<p>O incans\u00e1vel trabalho dos Bombeiros Militares e Brigadistas Comunit\u00e1rios de Mallet e colaboradores garantiram um desfecho positivo para o desaparecimento de uma idosa de 71 anos, ocorrido na manh\u00e3 deste domingo (30) na Col\u00f4nia D\u00falcio, em Mallet. A senhora, portadora do mal de Alzheimer, foi encontrada com vida no final da tarde, a aproximadamente 3 [&hellip;]<\/p>\n","protected":false},"author":2,"featured_media":36193,"comment_status":"open","ping_status":"open","sticky":false,"template":"","format":"standard","meta":{"footnotes":""},"categories":[184],"tags":[172],"class_list":["post-36189","post","type-post","status-publish","format-standard","has-post-thumbnail","hentry","category-local","tag-featured"],"amp_enabled":true,"_links":{"self":[{"href":"https:\/\/radiostudiow.com.br\/site\/wp-json\/wp\/v2\/posts\/36189","targetHints":{"allow":["GET"]}}],"collection":[{"href":"https:\/\/radiostudiow.com.br\/site\/wp-json\/wp\/v2\/posts"}],"about":[{"href":"https:\/\/radiostudiow.com.br\/site\/wp-json\/wp\/v2\/types\/post"}],"author":[{"embeddable":true,"href":"https:\/\/radiostudiow.com.br\/site\/wp-json\/wp\/v2\/users\/2"}],"replies":[{"embeddable":true,"href":"https:\/\/radiostudiow.com.br\/site\/wp-json\/wp\/v2\/comments?post=36189"}],"version-history":[{"count":5,"href":"https:\/\/radiostudiow.com.br\/site\/wp-json\/wp\/v2\/posts\/36189\/revisions"}],"predecessor-version":[{"id":36200,"href":"https:\/\/radiostudiow.com.br\/site\/wp-json\/wp\/v2\/posts\/36189\/revisions\/36200"}],"wp:featuredmedia":[{"embeddable":true,"href":"https:\/\/radiostudiow.com.br\/site\/wp-json\/wp\/v2\/media\/36193"}],"wp:attachment":[{"href":"https:\/\/radiostudiow.com.br\/site\/wp-json\/wp\/v2\/media?parent=36189"}],"wp:term":[{"taxonomy":"category","embeddable":true,"href":"https:\/\/radiostudiow.com.br\/site\/wp-json\/wp\/v2\/categories?post=36189"},{"taxonomy":"post_tag","embeddable":true,"href":"https:\/\/radiostudiow.com.br\/site\/wp-json\/wp\/v2\/tags?post=36189"}],"curies":[{"name":"wp","href":"https:\/\/api.w.org\/{rel}","templated":true}]}}