{"id":36214,"date":"2025-03-31T11:05:04","date_gmt":"2025-03-31T14:05:04","guid":{"rendered":"https:\/\/radiostudiow.com.br\/site\/?p=36214"},"modified":"2025-03-31T11:05:05","modified_gmt":"2025-03-31T14:05:05","slug":"homem-e-esfaqueado-apos-briga-em-uniao-da-vitoria","status":"publish","type":"post","link":"https:\/\/radiostudiow.com.br\/site\/2025\/03\/31\/homem-e-esfaqueado-apos-briga-em-uniao-da-vitoria\/","title":{"rendered":"Homem \u00e9 esfaqueado ap\u00f3s briga em Uni\u00e3o da Vit\u00f3ria"},"content":{"rendered":"\n<p>A equipe da Pol\u00edcia Militar de Uni\u00e3o da Vit\u00f3ria foi acionada para atender situa\u00e7\u00e3o les\u00e3o corporal ocasionada por arma branca no bairro Rocio por volta das 21h20min desse domingo (30).<\/p>\n\n\n\n<p>No local, a v\u00edtima j\u00e1 estava sendo atendida pela equipe do Corpo de Bombeiros, e relatou ter se envolvido em uma briga com outro homem, ap\u00f3s este ter amea\u00e7ado sua namorada.<\/p>\n\n\n\n<p>O autor estava armado com uma faca, lhe desferindo golpes, causando ferimentos na face e bra\u00e7o. A v\u00edtima foi encaminhada para atendimento m\u00e9dico.<\/p>\n\n\n\n<figure class=\"wp-block-image size-full\"><img loading=\"lazy\" decoding=\"async\" width=\"598\" height=\"204\" src=\"https:\/\/radiostudiow.com.br\/site\/wp-content\/uploads\/2025\/01\/SITE-MEDIO3.png\" alt=\"\" class=\"wp-image-32815\" srcset=\"https:\/\/radiostudiow.com.br\/site\/wp-content\/uploads\/2025\/01\/SITE-MEDIO3.png 598w, https:\/\/radiostudiow.com.br\/site\/wp-content\/uploads\/2025\/01\/SITE-MEDIO3-300x102.png 300w\" sizes=\"auto, (max-width: 598px) 100vw, 598px\" \/><\/figure>\n","protected":false},"excerpt":{"rendered":"<p>A equipe da Pol\u00edcia Militar de Uni\u00e3o da Vit\u00f3ria foi acionada para atender situa\u00e7\u00e3o les\u00e3o corporal ocasionada por arma branca no bairro Rocio por volta das 21h20min desse domingo (30). No local, a v\u00edtima j\u00e1 estava sendo atendida pela equipe do Corpo de Bombeiros, e relatou ter se envolvido em uma briga com outro homem, [&hellip;]<\/p>\n","protected":false},"author":2,"featured_media":33740,"comment_status":"open","ping_status":"open","sticky":false,"template":"","format":"standard","meta":{"footnotes":""},"categories":[2],"tags":[172],"class_list":["post-36214","post","type-post","status-publish","format-standard","has-post-thumbnail","hentry","category-policial","tag-featured"],"amp_enabled":true,"_links":{"self":[{"href":"https:\/\/radiostudiow.com.br\/site\/wp-json\/wp\/v2\/posts\/36214","targetHints":{"allow":["GET"]}}],"collection":[{"href":"https:\/\/radiostudiow.com.br\/site\/wp-json\/wp\/v2\/posts"}],"about":[{"href":"https:\/\/radiostudiow.com.br\/site\/wp-json\/wp\/v2\/types\/post"}],"author":[{"embeddable":true,"href":"https:\/\/radiostudiow.com.br\/site\/wp-json\/wp\/v2\/users\/2"}],"replies":[{"embeddable":true,"href":"https:\/\/radiostudiow.com.br\/site\/wp-json\/wp\/v2\/comments?post=36214"}],"version-history":[{"count":1,"href":"https:\/\/radiostudiow.com.br\/site\/wp-json\/wp\/v2\/posts\/36214\/revisions"}],"predecessor-version":[{"id":36215,"href":"https:\/\/radiostudiow.com.br\/site\/wp-json\/wp\/v2\/posts\/36214\/revisions\/36215"}],"wp:featuredmedia":[{"embeddable":true,"href":"https:\/\/radiostudiow.com.br\/site\/wp-json\/wp\/v2\/media\/33740"}],"wp:attachment":[{"href":"https:\/\/radiostudiow.com.br\/site\/wp-json\/wp\/v2\/media?parent=36214"}],"wp:term":[{"taxonomy":"category","embeddable":true,"href":"https:\/\/radiostudiow.com.br\/site\/wp-json\/wp\/v2\/categories?post=36214"},{"taxonomy":"post_tag","embeddable":true,"href":"https:\/\/radiostudiow.com.br\/site\/wp-json\/wp\/v2\/tags?post=36214"}],"curies":[{"name":"wp","href":"https:\/\/api.w.org\/{rel}","templated":true}]}}