{"id":36216,"date":"2025-03-31T11:35:48","date_gmt":"2025-03-31T14:35:48","guid":{"rendered":"https:\/\/radiostudiow.com.br\/site\/?p=36216"},"modified":"2025-03-31T11:35:48","modified_gmt":"2025-03-31T14:35:48","slug":"motocicleta-e-apreendida-apos-condutor-realizar-manobras-perigosas-em-via-publica-em-general-carneiro","status":"publish","type":"post","link":"https:\/\/radiostudiow.com.br\/site\/2025\/03\/31\/motocicleta-e-apreendida-apos-condutor-realizar-manobras-perigosas-em-via-publica-em-general-carneiro\/","title":{"rendered":"Motocicleta \u00e9 apreendida ap\u00f3s condutor realizar manobras perigosas em via p\u00fablica em General Carneiro"},"content":{"rendered":"\n<p>A equipe da Pol\u00edcia Militar de General Carneiro realizava patrulhamento pelo bairro C\u00e9u Azul, quando avistou uma motocicleta realizando manobras em via p\u00fablica por volta das 18h56min desse domingo (30).<\/p>\n\n\n\n<p>O condutor equilibrou a motocicleta em apenas uma das rodas, causando risco a integridade f\u00edsica dos pedestres. Abordado, identificado o condutor, confeccionado as devidas atua\u00e7\u00f5es de tr\u00e2nsito, e a motocicleta foi recolhida para o p\u00e1tio.<\/p>\n\n\n\n<figure class=\"wp-block-image size-full\"><img loading=\"lazy\" decoding=\"async\" width=\"598\" height=\"204\" src=\"https:\/\/radiostudiow.com.br\/site\/wp-content\/uploads\/2025\/01\/SITE-MEDIO.png\" alt=\"\" class=\"wp-image-32810\" srcset=\"https:\/\/radiostudiow.com.br\/site\/wp-content\/uploads\/2025\/01\/SITE-MEDIO.png 598w, https:\/\/radiostudiow.com.br\/site\/wp-content\/uploads\/2025\/01\/SITE-MEDIO-300x102.png 300w\" sizes=\"auto, (max-width: 598px) 100vw, 598px\" \/><\/figure>\n","protected":false},"excerpt":{"rendered":"<p>A equipe da Pol\u00edcia Militar de General Carneiro realizava patrulhamento pelo bairro C\u00e9u Azul, quando avistou uma motocicleta realizando manobras em via p\u00fablica por volta das 18h56min desse domingo (30). O condutor equilibrou a motocicleta em apenas uma das rodas, causando risco a integridade f\u00edsica dos pedestres. Abordado, identificado o condutor, confeccionado as devidas atua\u00e7\u00f5es [&hellip;]<\/p>\n","protected":false},"author":2,"featured_media":32845,"comment_status":"open","ping_status":"open","sticky":false,"template":"","format":"standard","meta":{"footnotes":""},"categories":[2],"tags":[172],"class_list":["post-36216","post","type-post","status-publish","format-standard","has-post-thumbnail","hentry","category-policial","tag-featured"],"amp_enabled":true,"_links":{"self":[{"href":"https:\/\/radiostudiow.com.br\/site\/wp-json\/wp\/v2\/posts\/36216","targetHints":{"allow":["GET"]}}],"collection":[{"href":"https:\/\/radiostudiow.com.br\/site\/wp-json\/wp\/v2\/posts"}],"about":[{"href":"https:\/\/radiostudiow.com.br\/site\/wp-json\/wp\/v2\/types\/post"}],"author":[{"embeddable":true,"href":"https:\/\/radiostudiow.com.br\/site\/wp-json\/wp\/v2\/users\/2"}],"replies":[{"embeddable":true,"href":"https:\/\/radiostudiow.com.br\/site\/wp-json\/wp\/v2\/comments?post=36216"}],"version-history":[{"count":2,"href":"https:\/\/radiostudiow.com.br\/site\/wp-json\/wp\/v2\/posts\/36216\/revisions"}],"predecessor-version":[{"id":36225,"href":"https:\/\/radiostudiow.com.br\/site\/wp-json\/wp\/v2\/posts\/36216\/revisions\/36225"}],"wp:featuredmedia":[{"embeddable":true,"href":"https:\/\/radiostudiow.com.br\/site\/wp-json\/wp\/v2\/media\/32845"}],"wp:attachment":[{"href":"https:\/\/radiostudiow.com.br\/site\/wp-json\/wp\/v2\/media?parent=36216"}],"wp:term":[{"taxonomy":"category","embeddable":true,"href":"https:\/\/radiostudiow.com.br\/site\/wp-json\/wp\/v2\/categories?post=36216"},{"taxonomy":"post_tag","embeddable":true,"href":"https:\/\/radiostudiow.com.br\/site\/wp-json\/wp\/v2\/tags?post=36216"}],"curies":[{"name":"wp","href":"https:\/\/api.w.org\/{rel}","templated":true}]}}