{"id":36218,"date":"2025-03-31T11:17:49","date_gmt":"2025-03-31T14:17:49","guid":{"rendered":"https:\/\/radiostudiow.com.br\/site\/?p=36218"},"modified":"2025-03-31T11:17:50","modified_gmt":"2025-03-31T14:17:50","slug":"adolescente-e-apreendida-por-trafico-de-drogas-em-uniao-da-vitoria","status":"publish","type":"post","link":"https:\/\/radiostudiow.com.br\/site\/2025\/03\/31\/adolescente-e-apreendida-por-trafico-de-drogas-em-uniao-da-vitoria\/","title":{"rendered":"Adolescente \u00e9 apreendida por tr\u00e1fico de drogas em Uni\u00e3o da Vit\u00f3ria"},"content":{"rendered":"\n<p>Ap\u00f3s den\u00fancias, as equipes da Pol\u00edcia Militar de Uni\u00e3o da Vit\u00f3ria tomaram conhecimento da pratica de crime de tr\u00e1fico em uma resid\u00eancia no bairro Panorama por volta das 14h30min desse domingo (30).<\/p>\n\n\n\n<p>No endere\u00e7o, ap\u00f3s buscas na casa, foi localizado certa quantidade de maconha, balan\u00e7a de precis\u00e3o, inv\u00f3lucros. A propriet\u00e1ria da casa afirmou pertencer a sua filha adolescente, a qual assumiu a autoria.<\/p>\n\n\n\n<p>Ambas foram conduzidas para a delegacia juntamente com a droga apreendida.<\/p>\n\n\n\n<figure class=\"wp-block-image size-full\"><img loading=\"lazy\" decoding=\"async\" width=\"897\" height=\"204\" src=\"https:\/\/radiostudiow.com.br\/site\/wp-content\/uploads\/2025\/01\/SITE-GRANDE5.png\" alt=\"\" class=\"wp-image-32814\" srcset=\"https:\/\/radiostudiow.com.br\/site\/wp-content\/uploads\/2025\/01\/SITE-GRANDE5.png 897w, https:\/\/radiostudiow.com.br\/site\/wp-content\/uploads\/2025\/01\/SITE-GRANDE5-300x68.png 300w, https:\/\/radiostudiow.com.br\/site\/wp-content\/uploads\/2025\/01\/SITE-GRANDE5-768x175.png 768w\" sizes=\"auto, (max-width: 897px) 100vw, 897px\" \/><\/figure>\n","protected":false},"excerpt":{"rendered":"<p>Ap\u00f3s den\u00fancias, as equipes da Pol\u00edcia Militar de Uni\u00e3o da Vit\u00f3ria tomaram conhecimento da pratica de crime de tr\u00e1fico em uma resid\u00eancia no bairro Panorama por volta das 14h30min desse domingo (30). No endere\u00e7o, ap\u00f3s buscas na casa, foi localizado certa quantidade de maconha, balan\u00e7a de precis\u00e3o, inv\u00f3lucros. A propriet\u00e1ria da casa afirmou pertencer a [&hellip;]<\/p>\n","protected":false},"author":2,"featured_media":36220,"comment_status":"open","ping_status":"open","sticky":false,"template":"","format":"standard","meta":{"footnotes":""},"categories":[2],"tags":[172],"class_list":["post-36218","post","type-post","status-publish","format-standard","has-post-thumbnail","hentry","category-policial","tag-featured"],"amp_enabled":true,"_links":{"self":[{"href":"https:\/\/radiostudiow.com.br\/site\/wp-json\/wp\/v2\/posts\/36218","targetHints":{"allow":["GET"]}}],"collection":[{"href":"https:\/\/radiostudiow.com.br\/site\/wp-json\/wp\/v2\/posts"}],"about":[{"href":"https:\/\/radiostudiow.com.br\/site\/wp-json\/wp\/v2\/types\/post"}],"author":[{"embeddable":true,"href":"https:\/\/radiostudiow.com.br\/site\/wp-json\/wp\/v2\/users\/2"}],"replies":[{"embeddable":true,"href":"https:\/\/radiostudiow.com.br\/site\/wp-json\/wp\/v2\/comments?post=36218"}],"version-history":[{"count":1,"href":"https:\/\/radiostudiow.com.br\/site\/wp-json\/wp\/v2\/posts\/36218\/revisions"}],"predecessor-version":[{"id":36221,"href":"https:\/\/radiostudiow.com.br\/site\/wp-json\/wp\/v2\/posts\/36218\/revisions\/36221"}],"wp:featuredmedia":[{"embeddable":true,"href":"https:\/\/radiostudiow.com.br\/site\/wp-json\/wp\/v2\/media\/36220"}],"wp:attachment":[{"href":"https:\/\/radiostudiow.com.br\/site\/wp-json\/wp\/v2\/media?parent=36218"}],"wp:term":[{"taxonomy":"category","embeddable":true,"href":"https:\/\/radiostudiow.com.br\/site\/wp-json\/wp\/v2\/categories?post=36218"},{"taxonomy":"post_tag","embeddable":true,"href":"https:\/\/radiostudiow.com.br\/site\/wp-json\/wp\/v2\/tags?post=36218"}],"curies":[{"name":"wp","href":"https:\/\/api.w.org\/{rel}","templated":true}]}}