{"id":36219,"date":"2025-03-31T21:00:00","date_gmt":"2025-04-01T00:00:00","guid":{"rendered":"https:\/\/radiostudiow.com.br\/site\/?p=36219"},"modified":"2025-03-31T11:21:37","modified_gmt":"2025-03-31T14:21:37","slug":"homem-fica-gravemente-ferido-apos-briga-de-transito-em-mallet-o-agressor-foi-preso","status":"publish","type":"post","link":"https:\/\/radiostudiow.com.br\/site\/2025\/03\/31\/homem-fica-gravemente-ferido-apos-briga-de-transito-em-mallet-o-agressor-foi-preso\/","title":{"rendered":"Homem fica gravemente ferido ap\u00f3s briga de tr\u00e2nsito em Mallet. O agressor foi preso"},"content":{"rendered":"\n<p><\/p>\n\n\n\n<p>Na tarde do \u00faltimo s\u00e1bado (29), uma briga de tr\u00e2nsito resultou em um caso de les\u00e3o corporal grave aqui no munic\u00edpio de Mallet.<\/p>\n\n\n\n<p>\u00a0A Pol\u00edcia Militar foi acionada por volta das 18h e compareceu ao Hospital S\u00e3o Pedro, onde um homem havia dado entrada com ferimentos significativos ap\u00f3s ser agredido.<\/p>\n\n\n\n<p>De acordo com o boletim policial, a v\u00edtima apresentava escoria\u00e7\u00f5es vis\u00edveis e um incha\u00e7o no cotovelo. Dada \u00e0 gravidade da les\u00e3o, ele foi transferido pelo SAMU para a cidade de Irati.<\/p>\n\n\n\n<p><\/p>\n\n\n\n<figure class=\"wp-block-image size-full\"><img loading=\"lazy\" decoding=\"async\" width=\"897\" height=\"204\" src=\"https:\/\/radiostudiow.com.br\/site\/wp-content\/uploads\/2025\/03\/image-62.png\" alt=\"\" class=\"wp-image-35859\" srcset=\"https:\/\/radiostudiow.com.br\/site\/wp-content\/uploads\/2025\/03\/image-62.png 897w, https:\/\/radiostudiow.com.br\/site\/wp-content\/uploads\/2025\/03\/image-62-300x68.png 300w, https:\/\/radiostudiow.com.br\/site\/wp-content\/uploads\/2025\/03\/image-62-768x175.png 768w\" sizes=\"auto, (max-width: 897px) 100vw, 897px\" \/><\/figure>\n\n\n\n<p><\/p>\n\n\n\n<p>O homem relatou \u00e0 equipe policial que estava dirigindo um caminh\u00e3o e n\u00e3o conseguia manobr\u00e1-lo devido a uma caminhonete estacionada no local. Ele ent\u00e3o foi at\u00e9 a resid\u00eancia do propriet\u00e1rio do ve\u00edculo e solicitou a retirada do carro. No entanto, o dono da caminhonete se recusou e, em seguida, saiu do port\u00e3o e iniciou as agress\u00f5es, desferindo um soco na v\u00edtima, que caiu no ch\u00e3o. O agressor ent\u00e3o o arrastou para tr\u00e1s do caminh\u00e3o e continuou com os golpes.<\/p>\n\n\n\n<p>Testemunhas informaram que, ao perceber a chegada da equipe m\u00e9dica, o acusado fugiu em uma motocicleta branca. A Pol\u00edcia Militar iniciou patrulhamento na tentativa de localiz\u00e1-lo e, durante as buscas, recebeu informa\u00e7\u00e3o de que o agressor havia chegado ao hospital.<\/p>\n\n\n\n<p>Ao ser abordado pelos policiais, o suspeito apresentava escoria\u00e7\u00f5es na perna esquerda e no bra\u00e7o. Questionado sobre os fatos, ele afirmou que apenas correu atr\u00e1s da v\u00edtima, que teria ca\u00eddo ao ch\u00e3o, lesionando o bra\u00e7o.<\/p>\n\n\n\n<p><\/p>\n\n\n\n<figure class=\"wp-block-image size-full\"><img loading=\"lazy\" decoding=\"async\" width=\"897\" height=\"204\" src=\"https:\/\/radiostudiow.com.br\/site\/wp-content\/uploads\/2025\/02\/SITE-GRANDE7.png\" alt=\"\" class=\"wp-image-33861\" srcset=\"https:\/\/radiostudiow.com.br\/site\/wp-content\/uploads\/2025\/02\/SITE-GRANDE7.png 897w, https:\/\/radiostudiow.com.br\/site\/wp-content\/uploads\/2025\/02\/SITE-GRANDE7-300x68.png 300w, https:\/\/radiostudiow.com.br\/site\/wp-content\/uploads\/2025\/02\/SITE-GRANDE7-768x175.png 768w\" sizes=\"auto, (max-width: 897px) 100vw, 897px\" \/><\/figure>\n\n\n\n<p><\/p>\n\n\n\n<p>Ap\u00f3s atendimento m\u00e9dico e constatada a gravidade do caso, o homem foi conduzido \u00e0 4\u00aa Subdivis\u00e3o Policial de Uni\u00e3o da Vit\u00f3ria para as devidas provid\u00eancias legais. Seus direitos constitucionais foram lidos no momento da pris\u00e3o.<\/p>\n\n\n\n<p><\/p>\n","protected":false},"excerpt":{"rendered":"<p>Na tarde do \u00faltimo s\u00e1bado (29), uma briga de tr\u00e2nsito resultou em um caso de les\u00e3o corporal grave aqui no munic\u00edpio de Mallet. \u00a0A Pol\u00edcia Militar foi acionada por volta das 18h e compareceu ao Hospital S\u00e3o Pedro, onde um homem havia dado entrada com ferimentos significativos ap\u00f3s ser agredido. De acordo com o boletim [&hellip;]<\/p>\n","protected":false},"author":2,"featured_media":36223,"comment_status":"open","ping_status":"open","sticky":false,"template":"","format":"standard","meta":{"footnotes":""},"categories":[2],"tags":[172],"class_list":["post-36219","post","type-post","status-publish","format-standard","has-post-thumbnail","hentry","category-policial","tag-featured"],"amp_enabled":true,"_links":{"self":[{"href":"https:\/\/radiostudiow.com.br\/site\/wp-json\/wp\/v2\/posts\/36219","targetHints":{"allow":["GET"]}}],"collection":[{"href":"https:\/\/radiostudiow.com.br\/site\/wp-json\/wp\/v2\/posts"}],"about":[{"href":"https:\/\/radiostudiow.com.br\/site\/wp-json\/wp\/v2\/types\/post"}],"author":[{"embeddable":true,"href":"https:\/\/radiostudiow.com.br\/site\/wp-json\/wp\/v2\/users\/2"}],"replies":[{"embeddable":true,"href":"https:\/\/radiostudiow.com.br\/site\/wp-json\/wp\/v2\/comments?post=36219"}],"version-history":[{"count":1,"href":"https:\/\/radiostudiow.com.br\/site\/wp-json\/wp\/v2\/posts\/36219\/revisions"}],"predecessor-version":[{"id":36224,"href":"https:\/\/radiostudiow.com.br\/site\/wp-json\/wp\/v2\/posts\/36219\/revisions\/36224"}],"wp:featuredmedia":[{"embeddable":true,"href":"https:\/\/radiostudiow.com.br\/site\/wp-json\/wp\/v2\/media\/36223"}],"wp:attachment":[{"href":"https:\/\/radiostudiow.com.br\/site\/wp-json\/wp\/v2\/media?parent=36219"}],"wp:term":[{"taxonomy":"category","embeddable":true,"href":"https:\/\/radiostudiow.com.br\/site\/wp-json\/wp\/v2\/categories?post=36219"},{"taxonomy":"post_tag","embeddable":true,"href":"https:\/\/radiostudiow.com.br\/site\/wp-json\/wp\/v2\/tags?post=36219"}],"curies":[{"name":"wp","href":"https:\/\/api.w.org\/{rel}","templated":true}]}}