{"id":36227,"date":"2025-03-31T20:45:00","date_gmt":"2025-03-31T23:45:00","guid":{"rendered":"https:\/\/radiostudiow.com.br\/site\/?p=36227"},"modified":"2025-03-31T11:47:55","modified_gmt":"2025-03-31T14:47:55","slug":"homem-e-preso-por-violencia-domestica-apos-agredir-esposa-em-mallet","status":"publish","type":"post","link":"https:\/\/radiostudiow.com.br\/site\/2025\/03\/31\/homem-e-preso-por-violencia-domestica-apos-agredir-esposa-em-mallet\/","title":{"rendered":"Homem \u00e9 preso por viol\u00eancia dom\u00e9stica ap\u00f3s agredir esposa em Mallet"},"content":{"rendered":"\n<p><\/p>\n\n\n\n<p>No in\u00edcio da tarde deste domingo (30), por volta das 12h45, a Pol\u00edcia Militar foi acionada para atender uma ocorr\u00eancia de viol\u00eancia dom\u00e9stica no bairro Charqueada na cidade de Mallet.<\/p>\n\n\n\n<p>&nbsp;A v\u00edtima relatou que seu marido, que tem hist\u00f3rico de alcoolismo e agress\u00f5es frequentes, chegou em casa embriagado e iniciou um novo epis\u00f3dio de viol\u00eancia.<\/p>\n\n\n\n<p>Segundo a mulher, o homem ordenou que ela preparasse seu prato de comida e, diante da recusa, segurou-a pelos bra\u00e7os e amea\u00e7ou: &#8220;voc\u00ea vai ver&#8221;. Em tentativa de se defender, a v\u00edtima arranhou o pesco\u00e7o do agressor. No momento em que tentava fugir, o homem fechou a porta do banheiro, atingindo e ferindo o p\u00e9 da mulher.<\/p>\n\n\n\n<p>A equipe policial do 3\u00ba Pelot\u00e3o Cabo Abr\u00e3o Kanclarovicz, chegou ao local, mas o suspeito j\u00e1 havia fugido. Foi realizado patrulhamento na regi\u00e3o, mas sem sucesso na localiza\u00e7\u00e3o do acusado.<\/p>\n\n\n\n<p><\/p>\n\n\n\n<figure class=\"wp-block-image size-full\"><img loading=\"lazy\" decoding=\"async\" width=\"897\" height=\"204\" src=\"https:\/\/radiostudiow.com.br\/site\/wp-content\/uploads\/2025\/03\/SITE-GRANDE5.png\" alt=\"\" class=\"wp-image-35420\" srcset=\"https:\/\/radiostudiow.com.br\/site\/wp-content\/uploads\/2025\/03\/SITE-GRANDE5.png 897w, https:\/\/radiostudiow.com.br\/site\/wp-content\/uploads\/2025\/03\/SITE-GRANDE5-300x68.png 300w, https:\/\/radiostudiow.com.br\/site\/wp-content\/uploads\/2025\/03\/SITE-GRANDE5-768x175.png 768w\" sizes=\"auto, (max-width: 897px) 100vw, 897px\" \/><\/figure>\n\n\n\n<p><\/p>\n\n\n\n<p>Pouco tempo depois, a v\u00edtima entrou novamente em contato com a Pol\u00edcia Militar, informando que seu marido havia retornado para casa. Os policiais voltaram \u00e0 resid\u00eancia e encontraram o homem sentado \u00e0 mesa. Ele recebeu voz de pris\u00e3o e n\u00e3o apresentou resist\u00eancia.<\/p>\n\n\n\n<p>O casal foi encaminhado \u00e0 Unidade de Pronto Atendimento (UPA) de Uni\u00e3o da Vit\u00f3ria para a realiza\u00e7\u00e3o do laudo de les\u00f5es corporais. Em seguida, o agressor foi conduzido \u00e0 4\u00aa Subdivis\u00e3o Policial para os procedimentos legais. O caso ser\u00e1 apreciado pela Pol\u00edcia Judici\u00e1ria.<\/p>\n\n\n\n<p><\/p>\n\n\n\n<figure class=\"wp-block-image size-full\"><img loading=\"lazy\" decoding=\"async\" width=\"897\" height=\"204\" src=\"https:\/\/radiostudiow.com.br\/site\/wp-content\/uploads\/2024\/01\/SITE-GRANDE3.png\" alt=\"zaions\" class=\"wp-image-18936\" srcset=\"https:\/\/radiostudiow.com.br\/site\/wp-content\/uploads\/2024\/01\/SITE-GRANDE3.png 897w, https:\/\/radiostudiow.com.br\/site\/wp-content\/uploads\/2024\/01\/SITE-GRANDE3-300x68.png 300w, https:\/\/radiostudiow.com.br\/site\/wp-content\/uploads\/2024\/01\/SITE-GRANDE3-768x175.png 768w\" sizes=\"auto, (max-width: 897px) 100vw, 897px\" \/><\/figure>\n","protected":false},"excerpt":{"rendered":"<p>No in\u00edcio da tarde deste domingo (30), por volta das 12h45, a Pol\u00edcia Militar foi acionada para atender uma ocorr\u00eancia de viol\u00eancia dom\u00e9stica no bairro Charqueada na cidade de Mallet. &nbsp;A v\u00edtima relatou que seu marido, que tem hist\u00f3rico de alcoolismo e agress\u00f5es frequentes, chegou em casa embriagado e iniciou um novo epis\u00f3dio de viol\u00eancia. [&hellip;]<\/p>\n","protected":false},"author":2,"featured_media":32240,"comment_status":"open","ping_status":"open","sticky":false,"template":"","format":"standard","meta":{"footnotes":""},"categories":[2],"tags":[172],"class_list":["post-36227","post","type-post","status-publish","format-standard","has-post-thumbnail","hentry","category-policial","tag-featured"],"amp_enabled":true,"_links":{"self":[{"href":"https:\/\/radiostudiow.com.br\/site\/wp-json\/wp\/v2\/posts\/36227","targetHints":{"allow":["GET"]}}],"collection":[{"href":"https:\/\/radiostudiow.com.br\/site\/wp-json\/wp\/v2\/posts"}],"about":[{"href":"https:\/\/radiostudiow.com.br\/site\/wp-json\/wp\/v2\/types\/post"}],"author":[{"embeddable":true,"href":"https:\/\/radiostudiow.com.br\/site\/wp-json\/wp\/v2\/users\/2"}],"replies":[{"embeddable":true,"href":"https:\/\/radiostudiow.com.br\/site\/wp-json\/wp\/v2\/comments?post=36227"}],"version-history":[{"count":2,"href":"https:\/\/radiostudiow.com.br\/site\/wp-json\/wp\/v2\/posts\/36227\/revisions"}],"predecessor-version":[{"id":36245,"href":"https:\/\/radiostudiow.com.br\/site\/wp-json\/wp\/v2\/posts\/36227\/revisions\/36245"}],"wp:featuredmedia":[{"embeddable":true,"href":"https:\/\/radiostudiow.com.br\/site\/wp-json\/wp\/v2\/media\/32240"}],"wp:attachment":[{"href":"https:\/\/radiostudiow.com.br\/site\/wp-json\/wp\/v2\/media?parent=36227"}],"wp:term":[{"taxonomy":"category","embeddable":true,"href":"https:\/\/radiostudiow.com.br\/site\/wp-json\/wp\/v2\/categories?post=36227"},{"taxonomy":"post_tag","embeddable":true,"href":"https:\/\/radiostudiow.com.br\/site\/wp-json\/wp\/v2\/tags?post=36227"}],"curies":[{"name":"wp","href":"https:\/\/api.w.org\/{rel}","templated":true}]}}