{"id":36232,"date":"2025-03-31T11:46:50","date_gmt":"2025-03-31T14:46:50","guid":{"rendered":"https:\/\/radiostudiow.com.br\/site\/?p=36232"},"modified":"2025-03-31T11:47:00","modified_gmt":"2025-03-31T14:47:00","slug":"acidente-envolve-dois-veiculos-e-deixa-multiplas-vitimas","status":"publish","type":"post","link":"https:\/\/radiostudiow.com.br\/site\/2025\/03\/31\/acidente-envolve-dois-veiculos-e-deixa-multiplas-vitimas\/","title":{"rendered":"Acidente envolve dois ve\u00edculos e deixa multiplas v\u00edtimas em Uni\u00e3o da Vit\u00f3ria"},"content":{"rendered":"\n<p>Na noite deste domingo, 30 de mar\u00e7o, uma colis\u00e3o frontal envolveu dois ve\u00edculos na BR-153 no viaduto Mallon em Uni\u00e3o da Vit\u00f3ria.<\/p>\n\n\n\n<p>Os ve\u00edculos envolvidos um VW\/Gol com placas de Paula Freitas com cinco ocupantes \u2013 tr\u00eas eram crian\u00e7as e um Peugeot com placas de Uni\u00e3o da Vit\u00f3ria com dois ocupantes \u2013 uma mulher e um homem.<\/p>\n\n\n\n<figure class=\"wp-block-image size-full\"><img loading=\"lazy\" decoding=\"async\" width=\"897\" height=\"204\" src=\"https:\/\/radiostudiow.com.br\/site\/wp-content\/uploads\/2025\/01\/SITE-GRANDE2.png\" alt=\"\" class=\"wp-image-32805\" srcset=\"https:\/\/radiostudiow.com.br\/site\/wp-content\/uploads\/2025\/01\/SITE-GRANDE2.png 897w, https:\/\/radiostudiow.com.br\/site\/wp-content\/uploads\/2025\/01\/SITE-GRANDE2-300x68.png 300w, https:\/\/radiostudiow.com.br\/site\/wp-content\/uploads\/2025\/01\/SITE-GRANDE2-768x175.png 768w\" sizes=\"auto, (max-width: 897px) 100vw, 897px\" \/><\/figure>\n\n\n\n<p>Todos os ocupantes do Gol foram encaminhados ao hospital, a mulher que estava no banco da frente com ferimentos mais graves. Do ve\u00edculo de Uni\u00e3o da Vit\u00f3ria uma mulher, a condutora do carro foi encaminhada ao hospital.<\/p>\n\n\n\n<p>O Corpo de Bombeiros de Uni\u00e3o da Vit\u00f3ria atendeu o acidente e solicitou auxilio da corpora\u00e7\u00e3o de Porto Uni\u00e3o.<\/p>\n\n\n\n<figure class=\"wp-block-video\"><video height=\"1280\" style=\"aspect-ratio: 720 \/ 1280;\" width=\"720\" controls src=\"https:\/\/radiostudiow.com.br\/site\/wp-content\/uploads\/2025\/03\/WhatsApp-Video-2025-03-30-at-22.55.49.mp4\"><\/video><\/figure>\n","protected":false},"excerpt":{"rendered":"<p>Na noite deste domingo, 30 de mar\u00e7o, uma colis\u00e3o frontal envolveu dois ve\u00edculos na BR-153 no viaduto Mallon em Uni\u00e3o da Vit\u00f3ria. Os ve\u00edculos envolvidos um VW\/Gol com placas de Paula Freitas com cinco ocupantes \u2013 tr\u00eas eram crian\u00e7as e um Peugeot com placas de Uni\u00e3o da Vit\u00f3ria com dois ocupantes \u2013 uma mulher e [&hellip;]<\/p>\n","protected":false},"author":2,"featured_media":36235,"comment_status":"open","ping_status":"open","sticky":false,"template":"","format":"standard","meta":{"footnotes":""},"categories":[185],"tags":[172],"class_list":["post-36232","post","type-post","status-publish","format-standard","has-post-thumbnail","hentry","category-regional","tag-featured"],"amp_enabled":true,"_links":{"self":[{"href":"https:\/\/radiostudiow.com.br\/site\/wp-json\/wp\/v2\/posts\/36232","targetHints":{"allow":["GET"]}}],"collection":[{"href":"https:\/\/radiostudiow.com.br\/site\/wp-json\/wp\/v2\/posts"}],"about":[{"href":"https:\/\/radiostudiow.com.br\/site\/wp-json\/wp\/v2\/types\/post"}],"author":[{"embeddable":true,"href":"https:\/\/radiostudiow.com.br\/site\/wp-json\/wp\/v2\/users\/2"}],"replies":[{"embeddable":true,"href":"https:\/\/radiostudiow.com.br\/site\/wp-json\/wp\/v2\/comments?post=36232"}],"version-history":[{"count":2,"href":"https:\/\/radiostudiow.com.br\/site\/wp-json\/wp\/v2\/posts\/36232\/revisions"}],"predecessor-version":[{"id":36238,"href":"https:\/\/radiostudiow.com.br\/site\/wp-json\/wp\/v2\/posts\/36232\/revisions\/36238"}],"wp:featuredmedia":[{"embeddable":true,"href":"https:\/\/radiostudiow.com.br\/site\/wp-json\/wp\/v2\/media\/36235"}],"wp:attachment":[{"href":"https:\/\/radiostudiow.com.br\/site\/wp-json\/wp\/v2\/media?parent=36232"}],"wp:term":[{"taxonomy":"category","embeddable":true,"href":"https:\/\/radiostudiow.com.br\/site\/wp-json\/wp\/v2\/categories?post=36232"},{"taxonomy":"post_tag","embeddable":true,"href":"https:\/\/radiostudiow.com.br\/site\/wp-json\/wp\/v2\/tags?post=36232"}],"curies":[{"name":"wp","href":"https:\/\/api.w.org\/{rel}","templated":true}]}}