{"id":36241,"date":"2025-03-31T18:52:02","date_gmt":"2025-03-31T21:52:02","guid":{"rendered":"https:\/\/radiostudiow.com.br\/site\/?p=36241"},"modified":"2025-03-31T18:52:03","modified_gmt":"2025-03-31T21:52:03","slug":"iml-de-uniao-da-vitoria-tera-novos-medicos-nas-proximas-semanas","status":"publish","type":"post","link":"https:\/\/radiostudiow.com.br\/site\/2025\/03\/31\/iml-de-uniao-da-vitoria-tera-novos-medicos-nas-proximas-semanas\/","title":{"rendered":"IML de Uni\u00e3o da Vit\u00f3ria ter\u00e1 novos m\u00e9dicos nas pr\u00f3ximas semanas"},"content":{"rendered":"\n<p>No \u00faltimo s\u00e1bado, dia 29, durante o programa Uni\u00e3o \u00e9 Not\u00edcia \u2013 Segunda Edi\u00e7\u00e3o, da Verde Vale FM, o diretor-geral da Pol\u00edcia Cient\u00edfica do Paran\u00e1, Luiz Grochoki, revelou, em primeira m\u00e3o, que o Instituto M\u00e9dico Legal (IML) de Uni\u00e3o da Vit\u00f3ria vai receber nas pr\u00f3ximas semanas novos m\u00e9dicos,&nbsp;concursados, que v\u00e3o se juntar \u00e0 equipe que trabalha no munic\u00edpio e, dessa forma, acabar com o problema da falta de m\u00e9dicos peritos no IML.<\/p>\n\n\n\n<p>O \u00f3rg\u00e3o atende, no total, 13 munic\u00edpios na regi\u00e3o.&nbsp;A partir da chegada de novos profissionais, muitas fam\u00edlias n\u00e3o precisar\u00e3o mais aguardar para que o corpo de um ente querido seja levado para outro munic\u00edpio, por exemplo, para que seja feita a aut\u00f3psia, como eventualmente acontece nos dias atuais.<\/p>\n\n\n\n<p>A boa not\u00edcia foi trazida durante a entrevista com o deputado estadual Hussein Bakri, que teve participa\u00e7\u00e3o decisiva na resolu\u00e7\u00e3o do problema. Acompanhe abaixo a entrevista do diretor Luiz Grochoki garantindo a contrata\u00e7\u00e3o de novos m\u00e9dicos para o IML de Uni\u00e3o da Vit\u00f3ria.<\/p>\n\n\n\n<figure class=\"wp-block-image size-full\"><img loading=\"lazy\" decoding=\"async\" width=\"900\" height=\"408\" src=\"https:\/\/radiostudiow.com.br\/site\/wp-content\/uploads\/2025\/03\/SITE-E-TV-1.png\" alt=\"\" class=\"wp-image-35744\" srcset=\"https:\/\/radiostudiow.com.br\/site\/wp-content\/uploads\/2025\/03\/SITE-E-TV-1.png 900w, https:\/\/radiostudiow.com.br\/site\/wp-content\/uploads\/2025\/03\/SITE-E-TV-1-300x136.png 300w, https:\/\/radiostudiow.com.br\/site\/wp-content\/uploads\/2025\/03\/SITE-E-TV-1-768x348.png 768w\" sizes=\"auto, (max-width: 900px) 100vw, 900px\" \/><\/figure>\n","protected":false},"excerpt":{"rendered":"<p>No \u00faltimo s\u00e1bado, dia 29, durante o programa Uni\u00e3o \u00e9 Not\u00edcia \u2013 Segunda Edi\u00e7\u00e3o, da Verde Vale FM, o diretor-geral da Pol\u00edcia Cient\u00edfica do Paran\u00e1, Luiz Grochoki, revelou, em primeira m\u00e3o, que o Instituto M\u00e9dico Legal (IML) de Uni\u00e3o da Vit\u00f3ria vai receber nas pr\u00f3ximas semanas novos m\u00e9dicos,&nbsp;concursados, que v\u00e3o se juntar \u00e0 equipe que [&hellip;]<\/p>\n","protected":false},"author":2,"featured_media":7532,"comment_status":"open","ping_status":"open","sticky":false,"template":"","format":"standard","meta":{"footnotes":""},"categories":[185],"tags":[172],"class_list":["post-36241","post","type-post","status-publish","format-standard","has-post-thumbnail","hentry","category-regional","tag-featured"],"amp_enabled":true,"_links":{"self":[{"href":"https:\/\/radiostudiow.com.br\/site\/wp-json\/wp\/v2\/posts\/36241","targetHints":{"allow":["GET"]}}],"collection":[{"href":"https:\/\/radiostudiow.com.br\/site\/wp-json\/wp\/v2\/posts"}],"about":[{"href":"https:\/\/radiostudiow.com.br\/site\/wp-json\/wp\/v2\/types\/post"}],"author":[{"embeddable":true,"href":"https:\/\/radiostudiow.com.br\/site\/wp-json\/wp\/v2\/users\/2"}],"replies":[{"embeddable":true,"href":"https:\/\/radiostudiow.com.br\/site\/wp-json\/wp\/v2\/comments?post=36241"}],"version-history":[{"count":2,"href":"https:\/\/radiostudiow.com.br\/site\/wp-json\/wp\/v2\/posts\/36241\/revisions"}],"predecessor-version":[{"id":36254,"href":"https:\/\/radiostudiow.com.br\/site\/wp-json\/wp\/v2\/posts\/36241\/revisions\/36254"}],"wp:featuredmedia":[{"embeddable":true,"href":"https:\/\/radiostudiow.com.br\/site\/wp-json\/wp\/v2\/media\/7532"}],"wp:attachment":[{"href":"https:\/\/radiostudiow.com.br\/site\/wp-json\/wp\/v2\/media?parent=36241"}],"wp:term":[{"taxonomy":"category","embeddable":true,"href":"https:\/\/radiostudiow.com.br\/site\/wp-json\/wp\/v2\/categories?post=36241"},{"taxonomy":"post_tag","embeddable":true,"href":"https:\/\/radiostudiow.com.br\/site\/wp-json\/wp\/v2\/tags?post=36241"}],"curies":[{"name":"wp","href":"https:\/\/api.w.org\/{rel}","templated":true}]}}