{"id":36251,"date":"2025-03-31T18:50:13","date_gmt":"2025-03-31T21:50:13","guid":{"rendered":"https:\/\/radiostudiow.com.br\/site\/?p=36251"},"modified":"2025-03-31T18:50:13","modified_gmt":"2025-03-31T21:50:13","slug":"prefeitura-de-mallet-anuncia-os-primeiros-shows-da-25a-kiwi-fest-em-maio","status":"publish","type":"post","link":"https:\/\/radiostudiow.com.br\/site\/2025\/03\/31\/prefeitura-de-mallet-anuncia-os-primeiros-shows-da-25a-kiwi-fest-em-maio\/","title":{"rendered":"Prefeitura de Mallet anuncia os primeiros shows da 25\u00aa Kiwi Fest em Maio"},"content":{"rendered":"\n<p><\/p>\n\n\n\n<p><strong>&nbsp;<\/strong>A Prefeitura Municipal de Mallet anunciou, na tarde desta segunda-feira (31), os primeiros tr\u00eas shows que far\u00e3o parte da 25\u00aa edi\u00e7\u00e3o da Kiwi Fest.<\/p>\n\n\n\n<p>O evento acontecer\u00e1 nos dias 2, 3 e 4 de maio e promete movimentar a cidade com grandes atra\u00e7\u00f5es musicais. O an\u00fancio foi feito por meio das redes sociais da administra\u00e7\u00e3o municipal.<\/p>\n\n\n\n<p>Os shows confirmados s\u00e3o:<\/p>\n\n\n\n<h2 class=\"wp-block-heading\"><strong>Sexta-feira (02\/05) \u00e0s 22h:<\/strong> Grupo Talaga\u00e7o;<\/h2>\n\n\n\n<h2 class=\"wp-block-heading\"><strong>S\u00e1bado (03\/05) \u00e0s 22h:<\/strong> Dupla Mariana e Mateus;<\/h2>\n\n\n\n<h2 class=\"wp-block-heading\"><strong>Domingo (04\/05) \u00e0s 18h:<\/strong> Dupla Rick e Renner.<\/h2>\n\n\n\n<p><\/p>\n\n\n\n<p><\/p>\n\n\n\n<h2 class=\"wp-block-heading\">Nossa reportagem apurou que esses tr\u00eas shows foram contratados por meio do Processo de Inexigibilidade de Licita\u00e7\u00e3o, com um custo total de <strong>R$ 317 mil<\/strong>, conforme publicado no Di\u00e1rio Oficial.<\/h2>\n\n\n\n<p><\/p>\n\n\n\n<figure class=\"wp-block-image size-full\"><img loading=\"lazy\" decoding=\"async\" width=\"598\" height=\"204\" src=\"https:\/\/radiostudiow.com.br\/site\/wp-content\/uploads\/2024\/10\/labirati.png\" alt=\"\" class=\"wp-image-28854\" srcset=\"https:\/\/radiostudiow.com.br\/site\/wp-content\/uploads\/2024\/10\/labirati.png 598w, https:\/\/radiostudiow.com.br\/site\/wp-content\/uploads\/2024\/10\/labirati-300x102.png 300w\" sizes=\"auto, (max-width: 598px) 100vw, 598px\" \/><\/figure>\n\n\n\n<p><\/p>\n\n\n\n<p>Al\u00e9m disso, h\u00e1 um segundo processo licitat\u00f3rio em andamento. No dia <strong>7 de abril<\/strong>, ser\u00e1 realizado o Preg\u00e3o Eletr\u00f4nico n\u00b0 0002\/2025, cujo objetivo \u00e9 contratar uma empresa especializada para a execu\u00e7\u00e3o da festa. <\/p>\n\n\n\n<h2 class=\"wp-block-heading\">O valor m\u00e1ximo estimado para esse contrato \u00e9 de <strong>R$ 349.543,60<\/strong>, abrangendo toda a estrutura do evento e outros shows indicativos para os tr\u00eas dias de festa.<\/h2>\n\n\n\n<p><\/p>\n\n\n\n<h2 class=\"wp-block-heading\">Somando os valores, o investimento da Prefeitura de Mallet na realiza\u00e7\u00e3o da Kiwi Fest e da 1\u00aa Agro Fest ultrapassa <strong>R$ 700 mil<\/strong>, indicando que a cidade ter\u00e1 um evento de grande porte para celebrar esta tradicional festividade.<\/h2>\n\n\n\n<p><\/p>\n\n\n\n<figure class=\"wp-block-image size-full\"><img loading=\"lazy\" decoding=\"async\" width=\"897\" height=\"204\" src=\"https:\/\/radiostudiow.com.br\/site\/wp-content\/uploads\/2025\/01\/SITE-GRANDE3.png\" alt=\"\" class=\"wp-image-32900\" srcset=\"https:\/\/radiostudiow.com.br\/site\/wp-content\/uploads\/2025\/01\/SITE-GRANDE3.png 897w, https:\/\/radiostudiow.com.br\/site\/wp-content\/uploads\/2025\/01\/SITE-GRANDE3-300x68.png 300w, https:\/\/radiostudiow.com.br\/site\/wp-content\/uploads\/2025\/01\/SITE-GRANDE3-768x175.png 768w\" sizes=\"auto, (max-width: 897px) 100vw, 897px\" \/><\/figure>\n\n\n\n<p><\/p>\n\n\n\n<blockquote class=\"wp-block-quote is-layout-flow wp-block-quote-is-layout-flow\">\n<p>FONTE: PORTAL DE TRANSPAR\u00caNCIA DA PREFEITURA MUNICIPAL DE MALLET<\/p>\n<\/blockquote>\n\n\n\n<p><\/p>\n","protected":false},"excerpt":{"rendered":"<p>&nbsp;A Prefeitura Municipal de Mallet anunciou, na tarde desta segunda-feira (31), os primeiros tr\u00eas shows que far\u00e3o parte da 25\u00aa edi\u00e7\u00e3o da Kiwi Fest. O evento acontecer\u00e1 nos dias 2, 3 e 4 de maio e promete movimentar a cidade com grandes atra\u00e7\u00f5es musicais. O an\u00fancio foi feito por meio das redes sociais da administra\u00e7\u00e3o [&hellip;]<\/p>\n","protected":false},"author":2,"featured_media":36252,"comment_status":"open","ping_status":"open","sticky":false,"template":"","format":"standard","meta":{"footnotes":""},"categories":[184],"tags":[172],"class_list":["post-36251","post","type-post","status-publish","format-standard","has-post-thumbnail","hentry","category-local","tag-featured"],"amp_enabled":true,"_links":{"self":[{"href":"https:\/\/radiostudiow.com.br\/site\/wp-json\/wp\/v2\/posts\/36251","targetHints":{"allow":["GET"]}}],"collection":[{"href":"https:\/\/radiostudiow.com.br\/site\/wp-json\/wp\/v2\/posts"}],"about":[{"href":"https:\/\/radiostudiow.com.br\/site\/wp-json\/wp\/v2\/types\/post"}],"author":[{"embeddable":true,"href":"https:\/\/radiostudiow.com.br\/site\/wp-json\/wp\/v2\/users\/2"}],"replies":[{"embeddable":true,"href":"https:\/\/radiostudiow.com.br\/site\/wp-json\/wp\/v2\/comments?post=36251"}],"version-history":[{"count":1,"href":"https:\/\/radiostudiow.com.br\/site\/wp-json\/wp\/v2\/posts\/36251\/revisions"}],"predecessor-version":[{"id":36253,"href":"https:\/\/radiostudiow.com.br\/site\/wp-json\/wp\/v2\/posts\/36251\/revisions\/36253"}],"wp:featuredmedia":[{"embeddable":true,"href":"https:\/\/radiostudiow.com.br\/site\/wp-json\/wp\/v2\/media\/36252"}],"wp:attachment":[{"href":"https:\/\/radiostudiow.com.br\/site\/wp-json\/wp\/v2\/media?parent=36251"}],"wp:term":[{"taxonomy":"category","embeddable":true,"href":"https:\/\/radiostudiow.com.br\/site\/wp-json\/wp\/v2\/categories?post=36251"},{"taxonomy":"post_tag","embeddable":true,"href":"https:\/\/radiostudiow.com.br\/site\/wp-json\/wp\/v2\/tags?post=36251"}],"curies":[{"name":"wp","href":"https:\/\/api.w.org\/{rel}","templated":true}]}}