{"id":36260,"date":"2025-04-01T00:22:30","date_gmt":"2025-04-01T03:22:30","guid":{"rendered":"https:\/\/radiostudiow.com.br\/site\/?p=36260"},"modified":"2025-04-01T00:22:30","modified_gmt":"2025-04-01T03:22:30","slug":"motoboy-fica-ferido-em-acidente-na-br-153-em-mallet-motorista-do-carro-foge-do-local","status":"publish","type":"post","link":"https:\/\/radiostudiow.com.br\/site\/2025\/04\/01\/motoboy-fica-ferido-em-acidente-na-br-153-em-mallet-motorista-do-carro-foge-do-local\/","title":{"rendered":"Motoboy fica ferido em acidente na BR-153 em Mallet. Motorista do carro foge do local"},"content":{"rendered":"\n<p><\/p>\n\n\n\n<p>Na tarde desta segunda-feira (31) por volta das 17:10horas, um acidente foi registrado no trevo de acesso a Dorizon, na BR-153, envolvendo uma motocicleta e um autom\u00f3vel.<\/p>\n\n\n\n<p><strong>O motociclista, um motoboy de 50 anos, voltava para Ponta Grossa quando ocorreu a colis\u00e3o.<\/strong><\/p>\n\n\n\n<p>Os Brigadistas Comunit\u00e1rios foram acionados para prestar atendimento \u00e0 v\u00edtima.<\/p>\n\n\n\n<p>&nbsp;A ambul\u00e2ncia de plant\u00e3o esteve no local e encaminhou o homem com ferimentos ao Hospital S\u00e3o Pedro.<\/p>\n\n\n\n<p><strong>A m\u00e9dica da Secretaria de Sa\u00fade de Mallet, Dra. Christina Musial Abib, que passava pelo local no momento do acidente, prestou apoio e auxiliou os bombeiros nos primeiros socorros.<\/strong><\/p>\n\n\n\n<p><\/p>\n\n\n\n<figure class=\"wp-block-image size-full\"><img loading=\"lazy\" decoding=\"async\" width=\"856\" height=\"467\" src=\"https:\/\/radiostudiow.com.br\/site\/wp-content\/uploads\/2025\/03\/aci.jpg\" alt=\"\" class=\"wp-image-36261\" srcset=\"https:\/\/radiostudiow.com.br\/site\/wp-content\/uploads\/2025\/03\/aci.jpg 856w, https:\/\/radiostudiow.com.br\/site\/wp-content\/uploads\/2025\/03\/aci-300x164.jpg 300w, https:\/\/radiostudiow.com.br\/site\/wp-content\/uploads\/2025\/03\/aci-768x419.jpg 768w\" sizes=\"auto, (max-width: 856px) 100vw, 856px\" \/><\/figure>\n\n\n\n<p><\/p>\n\n\n\n<figure class=\"wp-block-image size-full\"><img loading=\"lazy\" decoding=\"async\" width=\"897\" height=\"204\" src=\"https:\/\/radiostudiow.com.br\/site\/wp-content\/uploads\/2025\/03\/SITE-GRANDE5.png\" alt=\"\" class=\"wp-image-35420\" srcset=\"https:\/\/radiostudiow.com.br\/site\/wp-content\/uploads\/2025\/03\/SITE-GRANDE5.png 897w, https:\/\/radiostudiow.com.br\/site\/wp-content\/uploads\/2025\/03\/SITE-GRANDE5-300x68.png 300w, https:\/\/radiostudiow.com.br\/site\/wp-content\/uploads\/2025\/03\/SITE-GRANDE5-768x175.png 768w\" sizes=\"auto, (max-width: 897px) 100vw, 897px\" \/><\/figure>\n\n\n\n<p><\/p>\n\n\n\n<p>Segundo relatos de testemunhas, um ve\u00edculo Volkswagen Gol, de cor vinho, teria causado o acidente. <strong>No entanto, o condutor fugiu do local sem prestar socorro, abandonando o carro aproximadamente 100 metros \u00e0 frente do ponto da colis\u00e3o.<\/strong><\/p>\n\n\n\n<p>A Pol\u00edcia Rodovi\u00e1ria Federal &nbsp;foi acionada para tentar identificar o respons\u00e1vel pela colis\u00e3o.<\/p>\n\n\n\n<figure class=\"wp-block-image size-full\"><img loading=\"lazy\" decoding=\"async\" width=\"897\" height=\"204\" src=\"https:\/\/radiostudiow.com.br\/site\/wp-content\/uploads\/2025\/03\/image-62.png\" alt=\"\" class=\"wp-image-35859\" srcset=\"https:\/\/radiostudiow.com.br\/site\/wp-content\/uploads\/2025\/03\/image-62.png 897w, https:\/\/radiostudiow.com.br\/site\/wp-content\/uploads\/2025\/03\/image-62-300x68.png 300w, https:\/\/radiostudiow.com.br\/site\/wp-content\/uploads\/2025\/03\/image-62-768x175.png 768w\" sizes=\"auto, (max-width: 897px) 100vw, 897px\" \/><\/figure>\n\n\n\n<p><\/p>\n\n\n\n<figure class=\"wp-block-image size-large\"><img loading=\"lazy\" decoding=\"async\" width=\"1024\" height=\"576\" src=\"https:\/\/radiostudiow.com.br\/site\/wp-content\/uploads\/2025\/03\/905872f5-f331-4a2b-8a4d-3acf2e51f2b4-1024x576.jpg\" alt=\"\" class=\"wp-image-36262\" srcset=\"https:\/\/radiostudiow.com.br\/site\/wp-content\/uploads\/2025\/03\/905872f5-f331-4a2b-8a4d-3acf2e51f2b4-1024x576.jpg 1024w, https:\/\/radiostudiow.com.br\/site\/wp-content\/uploads\/2025\/03\/905872f5-f331-4a2b-8a4d-3acf2e51f2b4-300x169.jpg 300w, https:\/\/radiostudiow.com.br\/site\/wp-content\/uploads\/2025\/03\/905872f5-f331-4a2b-8a4d-3acf2e51f2b4-768x432.jpg 768w, https:\/\/radiostudiow.com.br\/site\/wp-content\/uploads\/2025\/03\/905872f5-f331-4a2b-8a4d-3acf2e51f2b4.jpg 1280w\" sizes=\"auto, (max-width: 1024px) 100vw, 1024px\" \/><\/figure>\n\n\n\n<p><\/p>\n\n\n\n<h2 class=\"wp-block-heading\">REPORTAGEM E FOTOS: STUDIO W \/ W NOT\u00cdCIAS<\/h2>\n\n\n\n<p><\/p>\n\n\n\n<figure class=\"wp-block-image size-large\"><img loading=\"lazy\" decoding=\"async\" width=\"1024\" height=\"576\" src=\"https:\/\/radiostudiow.com.br\/site\/wp-content\/uploads\/2025\/03\/79780223-f38c-42ea-b3a5-dd88d5bf4748-1024x576.jpg\" alt=\"\" class=\"wp-image-36263\" srcset=\"https:\/\/radiostudiow.com.br\/site\/wp-content\/uploads\/2025\/03\/79780223-f38c-42ea-b3a5-dd88d5bf4748-1024x576.jpg 1024w, https:\/\/radiostudiow.com.br\/site\/wp-content\/uploads\/2025\/03\/79780223-f38c-42ea-b3a5-dd88d5bf4748-300x169.jpg 300w, https:\/\/radiostudiow.com.br\/site\/wp-content\/uploads\/2025\/03\/79780223-f38c-42ea-b3a5-dd88d5bf4748-768x432.jpg 768w, https:\/\/radiostudiow.com.br\/site\/wp-content\/uploads\/2025\/03\/79780223-f38c-42ea-b3a5-dd88d5bf4748.jpg 1280w\" sizes=\"auto, (max-width: 1024px) 100vw, 1024px\" \/><\/figure>\n","protected":false},"excerpt":{"rendered":"<p>Na tarde desta segunda-feira (31) por volta das 17:10horas, um acidente foi registrado no trevo de acesso a Dorizon, na BR-153, envolvendo uma motocicleta e um autom\u00f3vel. O motociclista, um motoboy de 50 anos, voltava para Ponta Grossa quando ocorreu a colis\u00e3o. Os Brigadistas Comunit\u00e1rios foram acionados para prestar atendimento \u00e0 v\u00edtima. &nbsp;A ambul\u00e2ncia de [&hellip;]<\/p>\n","protected":false},"author":2,"featured_media":36264,"comment_status":"open","ping_status":"open","sticky":false,"template":"","format":"standard","meta":{"footnotes":""},"categories":[184],"tags":[172],"class_list":["post-36260","post","type-post","status-publish","format-standard","has-post-thumbnail","hentry","category-local","tag-featured"],"amp_enabled":true,"_links":{"self":[{"href":"https:\/\/radiostudiow.com.br\/site\/wp-json\/wp\/v2\/posts\/36260","targetHints":{"allow":["GET"]}}],"collection":[{"href":"https:\/\/radiostudiow.com.br\/site\/wp-json\/wp\/v2\/posts"}],"about":[{"href":"https:\/\/radiostudiow.com.br\/site\/wp-json\/wp\/v2\/types\/post"}],"author":[{"embeddable":true,"href":"https:\/\/radiostudiow.com.br\/site\/wp-json\/wp\/v2\/users\/2"}],"replies":[{"embeddable":true,"href":"https:\/\/radiostudiow.com.br\/site\/wp-json\/wp\/v2\/comments?post=36260"}],"version-history":[{"count":1,"href":"https:\/\/radiostudiow.com.br\/site\/wp-json\/wp\/v2\/posts\/36260\/revisions"}],"predecessor-version":[{"id":36274,"href":"https:\/\/radiostudiow.com.br\/site\/wp-json\/wp\/v2\/posts\/36260\/revisions\/36274"}],"wp:featuredmedia":[{"embeddable":true,"href":"https:\/\/radiostudiow.com.br\/site\/wp-json\/wp\/v2\/media\/36264"}],"wp:attachment":[{"href":"https:\/\/radiostudiow.com.br\/site\/wp-json\/wp\/v2\/media?parent=36260"}],"wp:term":[{"taxonomy":"category","embeddable":true,"href":"https:\/\/radiostudiow.com.br\/site\/wp-json\/wp\/v2\/categories?post=36260"},{"taxonomy":"post_tag","embeddable":true,"href":"https:\/\/radiostudiow.com.br\/site\/wp-json\/wp\/v2\/tags?post=36260"}],"curies":[{"name":"wp","href":"https:\/\/api.w.org\/{rel}","templated":true}]}}