{"id":36275,"date":"2025-04-01T00:42:56","date_gmt":"2025-04-01T03:42:56","guid":{"rendered":"https:\/\/radiostudiow.com.br\/site\/?p=36275"},"modified":"2025-04-01T00:53:02","modified_gmt":"2025-04-01T03:53:02","slug":"obra-de-pavimentacao-na-rua-padre-pedro-proskiv-entra-na-fase-final-em-mallet","status":"publish","type":"post","link":"https:\/\/radiostudiow.com.br\/site\/2025\/04\/01\/obra-de-pavimentacao-na-rua-padre-pedro-proskiv-entra-na-fase-final-em-mallet\/","title":{"rendered":"Obra de Pavimenta\u00e7\u00e3o na Rua Padre Pedro Proskiv Entra na Fase Final em Mallet"},"content":{"rendered":"\n<p><\/p>\n\n\n\n<blockquote class=\"wp-block-quote is-layout-flow wp-block-quote-is-layout-flow\">\n<h2 class=\"wp-block-heading\">Um Sonho que se Torna Realidade para Todos os Moradores <\/h2>\n<\/blockquote>\n\n\n\n<p><\/p>\n\n\n\n<p>A pavimenta\u00e7\u00e3o da Rua Padre Pedro Proskiv, na Vila S\u00e3o Pedro, em Mallet, est\u00e1 chegando \u00e0 sua fase final. <\/p>\n\n\n\n<p>No \u00faltimo final de semana, as equipes respons\u00e1veis realizaram o in\u00edcio da aplica\u00e7\u00e3o da massa asf\u00e1ltica, um dos \u00faltimos passos para a conclus\u00e3o da obra.<\/p>\n\n\n\n<p>Com um custo total de R$ 2.625.744,12, a obra teve in\u00edcio em setembro de 2024.<\/p>\n\n\n\n<p><strong>At\u00e9 mar\u00e7o de 2025, j\u00e1 foram executados e pago o valor de  R$ 1.150.031,46, sendo que, em 2024, foram investidos R$ 329.833,57.<\/strong><\/p>\n\n\n\n<p><\/p>\n\n\n\n<figure class=\"wp-block-image size-large\"><img loading=\"lazy\" decoding=\"async\" width=\"1024\" height=\"576\" src=\"https:\/\/radiostudiow.com.br\/site\/wp-content\/uploads\/2025\/04\/f6f725dc-0eef-4c2a-af17-52f986855bd1-1024x576.jpg\" alt=\"\" class=\"wp-image-36276\" srcset=\"https:\/\/radiostudiow.com.br\/site\/wp-content\/uploads\/2025\/04\/f6f725dc-0eef-4c2a-af17-52f986855bd1-1024x576.jpg 1024w, https:\/\/radiostudiow.com.br\/site\/wp-content\/uploads\/2025\/04\/f6f725dc-0eef-4c2a-af17-52f986855bd1-300x169.jpg 300w, https:\/\/radiostudiow.com.br\/site\/wp-content\/uploads\/2025\/04\/f6f725dc-0eef-4c2a-af17-52f986855bd1-768x432.jpg 768w, https:\/\/radiostudiow.com.br\/site\/wp-content\/uploads\/2025\/04\/f6f725dc-0eef-4c2a-af17-52f986855bd1-1536x864.jpg 1536w, https:\/\/radiostudiow.com.br\/site\/wp-content\/uploads\/2025\/04\/f6f725dc-0eef-4c2a-af17-52f986855bd1.jpg 1600w\" sizes=\"auto, (max-width: 1024px) 100vw, 1024px\" \/><\/figure>\n\n\n\n<p><\/p>\n\n\n\n<figure class=\"wp-block-image size-full\"><img loading=\"lazy\" decoding=\"async\" width=\"897\" height=\"204\" src=\"https:\/\/radiostudiow.com.br\/site\/wp-content\/uploads\/2025\/01\/SITE-GRANDE3.png\" alt=\"\" class=\"wp-image-32900\" srcset=\"https:\/\/radiostudiow.com.br\/site\/wp-content\/uploads\/2025\/01\/SITE-GRANDE3.png 897w, https:\/\/radiostudiow.com.br\/site\/wp-content\/uploads\/2025\/01\/SITE-GRANDE3-300x68.png 300w, https:\/\/radiostudiow.com.br\/site\/wp-content\/uploads\/2025\/01\/SITE-GRANDE3-768x175.png 768w\" sizes=\"auto, (max-width: 897px) 100vw, 897px\" \/><\/figure>\n\n\n\n<p><\/p>\n\n\n\n<p>&nbsp;Importante destacar que os moradores n\u00e3o ter\u00e3o nenhum custo direto com a pavimenta\u00e7\u00e3o, pois o financiamento da obra \u00e9 realizado exclusivamente com recursos oriundos dos impostos dos malletenses.<\/p>\n\n\n\n<p>De acordo com informa\u00e7\u00f5es da Secretaria da Fazenda da Prefeitura de Mallet, os recursos utilizados para a execu\u00e7\u00e3o do projeto s\u00e3o provenientes da <strong>gest\u00e3o anterior do prefeito Moacir Szinvelski 2021-2024.<\/strong><\/p>\n\n\n\n<h2 class=\"wp-block-heading\">Conforme apurado, a Administra\u00e7\u00e3o passada deixou um montante de R$ 2.295.910,55 em caixa para garantir a continuidade e a conclus\u00e3o da pavimenta\u00e7\u00e3o.<\/h2>\n\n\n\n<p><\/p>\n\n\n\n<p><strong>Ou seja, toda a obra foi realizada com recursos pr\u00f3prios,<\/strong> s<strong>em nenhum investimento dos governos estadual ou federal.<\/strong><\/p>\n\n\n\n<p><\/p>\n\n\n\n<figure class=\"wp-block-image size-large\"><img loading=\"lazy\" decoding=\"async\" width=\"1024\" height=\"576\" src=\"https:\/\/radiostudiow.com.br\/site\/wp-content\/uploads\/2025\/04\/2f3f47d2-4234-4eb2-bd8e-c241cbbc554f-1024x576.jpg\" alt=\"\" class=\"wp-image-36277\" srcset=\"https:\/\/radiostudiow.com.br\/site\/wp-content\/uploads\/2025\/04\/2f3f47d2-4234-4eb2-bd8e-c241cbbc554f-1024x576.jpg 1024w, https:\/\/radiostudiow.com.br\/site\/wp-content\/uploads\/2025\/04\/2f3f47d2-4234-4eb2-bd8e-c241cbbc554f-300x169.jpg 300w, https:\/\/radiostudiow.com.br\/site\/wp-content\/uploads\/2025\/04\/2f3f47d2-4234-4eb2-bd8e-c241cbbc554f-768x432.jpg 768w, https:\/\/radiostudiow.com.br\/site\/wp-content\/uploads\/2025\/04\/2f3f47d2-4234-4eb2-bd8e-c241cbbc554f-1536x864.jpg 1536w, https:\/\/radiostudiow.com.br\/site\/wp-content\/uploads\/2025\/04\/2f3f47d2-4234-4eb2-bd8e-c241cbbc554f.jpg 1600w\" sizes=\"auto, (max-width: 1024px) 100vw, 1024px\" \/><\/figure>\n\n\n\n<p><\/p>\n\n\n\n<p>A finaliza\u00e7\u00e3o da obra representa um avan\u00e7o significativo para a infraestrutura da cidade, trazendo mais seguran\u00e7a e conforto para os moradores da regi\u00e3o.<\/p>\n\n\n\n<p>Agora, com a fase final em andamento, a expectativa \u00e9 que a via esteja completamente pavimentada e liberada para uso muito em breve.<\/p>\n\n\n\n<p><\/p>\n\n\n\n<figure class=\"wp-block-image size-full\"><img loading=\"lazy\" decoding=\"async\" width=\"598\" height=\"204\" src=\"https:\/\/radiostudiow.com.br\/site\/wp-content\/uploads\/2025\/01\/SITE-MEDIO7.png\" alt=\"\" class=\"wp-image-32801\" srcset=\"https:\/\/radiostudiow.com.br\/site\/wp-content\/uploads\/2025\/01\/SITE-MEDIO7.png 598w, https:\/\/radiostudiow.com.br\/site\/wp-content\/uploads\/2025\/01\/SITE-MEDIO7-300x102.png 300w\" sizes=\"auto, (max-width: 598px) 100vw, 598px\" \/><\/figure>\n\n\n\n<p><\/p>\n\n\n\n<p><\/p>\n\n\n\n<h2 class=\"wp-block-heading\">FONTE: Secretarias do Planejamento e Fazenda da Prefeitura Municipal de Mallet<\/h2>\n","protected":false},"excerpt":{"rendered":"<p>Um Sonho que se Torna Realidade para Todos os Moradores A pavimenta\u00e7\u00e3o da Rua Padre Pedro Proskiv, na Vila S\u00e3o Pedro, em Mallet, est\u00e1 chegando \u00e0 sua fase final. No \u00faltimo final de semana, as equipes respons\u00e1veis realizaram o in\u00edcio da aplica\u00e7\u00e3o da massa asf\u00e1ltica, um dos \u00faltimos passos para a conclus\u00e3o da obra. Com [&hellip;]<\/p>\n","protected":false},"author":2,"featured_media":36278,"comment_status":"open","ping_status":"open","sticky":false,"template":"","format":"standard","meta":{"footnotes":""},"categories":[184],"tags":[172],"class_list":["post-36275","post","type-post","status-publish","format-standard","has-post-thumbnail","hentry","category-local","tag-featured"],"amp_enabled":true,"_links":{"self":[{"href":"https:\/\/radiostudiow.com.br\/site\/wp-json\/wp\/v2\/posts\/36275","targetHints":{"allow":["GET"]}}],"collection":[{"href":"https:\/\/radiostudiow.com.br\/site\/wp-json\/wp\/v2\/posts"}],"about":[{"href":"https:\/\/radiostudiow.com.br\/site\/wp-json\/wp\/v2\/types\/post"}],"author":[{"embeddable":true,"href":"https:\/\/radiostudiow.com.br\/site\/wp-json\/wp\/v2\/users\/2"}],"replies":[{"embeddable":true,"href":"https:\/\/radiostudiow.com.br\/site\/wp-json\/wp\/v2\/comments?post=36275"}],"version-history":[{"count":4,"href":"https:\/\/radiostudiow.com.br\/site\/wp-json\/wp\/v2\/posts\/36275\/revisions"}],"predecessor-version":[{"id":36282,"href":"https:\/\/radiostudiow.com.br\/site\/wp-json\/wp\/v2\/posts\/36275\/revisions\/36282"}],"wp:featuredmedia":[{"embeddable":true,"href":"https:\/\/radiostudiow.com.br\/site\/wp-json\/wp\/v2\/media\/36278"}],"wp:attachment":[{"href":"https:\/\/radiostudiow.com.br\/site\/wp-json\/wp\/v2\/media?parent=36275"}],"wp:term":[{"taxonomy":"category","embeddable":true,"href":"https:\/\/radiostudiow.com.br\/site\/wp-json\/wp\/v2\/categories?post=36275"},{"taxonomy":"post_tag","embeddable":true,"href":"https:\/\/radiostudiow.com.br\/site\/wp-json\/wp\/v2\/tags?post=36275"}],"curies":[{"name":"wp","href":"https:\/\/api.w.org\/{rel}","templated":true}]}}