{"id":36286,"date":"2025-04-01T09:32:40","date_gmt":"2025-04-01T12:32:40","guid":{"rendered":"https:\/\/radiostudiow.com.br\/site\/?p=36286"},"modified":"2025-04-01T21:17:54","modified_gmt":"2025-04-02T00:17:54","slug":"pm-prende-homem-por-descumprir-medida-protetiva-de-urgencia-em-general-carneiro","status":"publish","type":"post","link":"https:\/\/radiostudiow.com.br\/site\/2025\/04\/01\/pm-prende-homem-por-descumprir-medida-protetiva-de-urgencia-em-general-carneiro\/","title":{"rendered":"PM prende homem por descumprir medida protetiva de urg\u00eancia em General Carneiro"},"content":{"rendered":"\n<p>A equipe da Pol\u00edcia Militar de General Carneiro estava em patrulhamento pelo bairro S\u00e3o Jo\u00e3o quando avistou um homem com pedras nas m\u00e3os, tentando atir\u00e1-las em uma resid\u00eancia.<\/p>\n\n\n\n<figure class=\"wp-block-image size-full\"><img loading=\"lazy\" decoding=\"async\" width=\"598\" height=\"204\" src=\"https:\/\/radiostudiow.com.br\/site\/wp-content\/uploads\/2025\/01\/SITE-MEDIO3.png\" alt=\"\" class=\"wp-image-32815\" srcset=\"https:\/\/radiostudiow.com.br\/site\/wp-content\/uploads\/2025\/01\/SITE-MEDIO3.png 598w, https:\/\/radiostudiow.com.br\/site\/wp-content\/uploads\/2025\/01\/SITE-MEDIO3-300x102.png 300w\" sizes=\"auto, (max-width: 598px) 100vw, 598px\" \/><\/figure>\n\n\n\n<p>A situa\u00e7\u00e3o foi registrada por volta das 10 horas dessa segunda-feira (31). O abordado, foi identificado e o alvo da depreda\u00e7\u00e3o era a resid\u00eancia da ex-convivente do autor, a qual tem medida protetiva em desfavor do suspeito.<\/p>\n\n\n\n<p>Diante dos fatos as partes foram conduzidas a4\u00ba SDP para provid\u00eancias.<\/p>\n","protected":false},"excerpt":{"rendered":"<p>A equipe da Pol\u00edcia Militar de General Carneiro estava em patrulhamento pelo bairro S\u00e3o Jo\u00e3o quando avistou um homem com pedras nas m\u00e3os, tentando atir\u00e1-las em uma resid\u00eancia. A situa\u00e7\u00e3o foi registrada por volta das 10 horas dessa segunda-feira (31). O abordado, foi identificado e o alvo da depreda\u00e7\u00e3o era a resid\u00eancia da ex-convivente do [&hellip;]<\/p>\n","protected":false},"author":2,"featured_media":32845,"comment_status":"open","ping_status":"open","sticky":false,"template":"","format":"standard","meta":{"footnotes":""},"categories":[2],"tags":[172],"class_list":["post-36286","post","type-post","status-publish","format-standard","has-post-thumbnail","hentry","category-policial","tag-featured"],"amp_enabled":true,"_links":{"self":[{"href":"https:\/\/radiostudiow.com.br\/site\/wp-json\/wp\/v2\/posts\/36286","targetHints":{"allow":["GET"]}}],"collection":[{"href":"https:\/\/radiostudiow.com.br\/site\/wp-json\/wp\/v2\/posts"}],"about":[{"href":"https:\/\/radiostudiow.com.br\/site\/wp-json\/wp\/v2\/types\/post"}],"author":[{"embeddable":true,"href":"https:\/\/radiostudiow.com.br\/site\/wp-json\/wp\/v2\/users\/2"}],"replies":[{"embeddable":true,"href":"https:\/\/radiostudiow.com.br\/site\/wp-json\/wp\/v2\/comments?post=36286"}],"version-history":[{"count":2,"href":"https:\/\/radiostudiow.com.br\/site\/wp-json\/wp\/v2\/posts\/36286\/revisions"}],"predecessor-version":[{"id":36330,"href":"https:\/\/radiostudiow.com.br\/site\/wp-json\/wp\/v2\/posts\/36286\/revisions\/36330"}],"wp:featuredmedia":[{"embeddable":true,"href":"https:\/\/radiostudiow.com.br\/site\/wp-json\/wp\/v2\/media\/32845"}],"wp:attachment":[{"href":"https:\/\/radiostudiow.com.br\/site\/wp-json\/wp\/v2\/media?parent=36286"}],"wp:term":[{"taxonomy":"category","embeddable":true,"href":"https:\/\/radiostudiow.com.br\/site\/wp-json\/wp\/v2\/categories?post=36286"},{"taxonomy":"post_tag","embeddable":true,"href":"https:\/\/radiostudiow.com.br\/site\/wp-json\/wp\/v2\/tags?post=36286"}],"curies":[{"name":"wp","href":"https:\/\/api.w.org\/{rel}","templated":true}]}}