{"id":36288,"date":"2025-04-01T09:50:09","date_gmt":"2025-04-01T12:50:09","guid":{"rendered":"https:\/\/radiostudiow.com.br\/site\/?p=36288"},"modified":"2025-04-01T09:50:10","modified_gmt":"2025-04-01T12:50:10","slug":"homem-e-preso-com-drogas-em-general-carneiro","status":"publish","type":"post","link":"https:\/\/radiostudiow.com.br\/site\/2025\/04\/01\/homem-e-preso-com-drogas-em-general-carneiro\/","title":{"rendered":"Homem \u00e9 preso com drogas em General Carneiro"},"content":{"rendered":"\n<p>A equipe da Pol\u00edcia Militar de General Carneiro estava em patrulhamento pelo bairro S\u00e3o Jo\u00e3o, quando realizou apreens\u00e3o de drogas por volta das 14h55min dessa segunda-feira (31).<\/p>\n\n\n\n<p>Quando o homem percebeu a equipe policial arremessou ao ch\u00e3o um inv\u00f3lucro met\u00e1lico, e tentou se evadir.<\/p>\n\n\n\n<figure class=\"wp-block-image size-full\"><img loading=\"lazy\" decoding=\"async\" width=\"897\" height=\"204\" src=\"https:\/\/radiostudiow.com.br\/site\/wp-content\/uploads\/2025\/01\/SITE-GRANDE3.png\" alt=\"\" class=\"wp-image-32900\" srcset=\"https:\/\/radiostudiow.com.br\/site\/wp-content\/uploads\/2025\/01\/SITE-GRANDE3.png 897w, https:\/\/radiostudiow.com.br\/site\/wp-content\/uploads\/2025\/01\/SITE-GRANDE3-300x68.png 300w, https:\/\/radiostudiow.com.br\/site\/wp-content\/uploads\/2025\/01\/SITE-GRANDE3-768x175.png 768w\" sizes=\"auto, (max-width: 897px) 100vw, 897px\" \/><\/figure>\n\n\n\n<p>De imediato foi abordado e localizado o objeto dispensado anteriormente, tratando-se de um peda\u00e7o de papel-alum\u00ednio amassado, que em seu interior continha uma pequena quantidade de subst\u00e2ncia an\u00e1loga acrack.<\/p>\n\n\n\n<p>O autor foi conduzido at\u00e9 o Pelot\u00e3o de Pol\u00edcia Militar de General Carneiro para confec\u00e7\u00e3o dotermo Circunstanciado<\/p>\n","protected":false},"excerpt":{"rendered":"<p>A equipe da Pol\u00edcia Militar de General Carneiro estava em patrulhamento pelo bairro S\u00e3o Jo\u00e3o, quando realizou apreens\u00e3o de drogas por volta das 14h55min dessa segunda-feira (31). Quando o homem percebeu a equipe policial arremessou ao ch\u00e3o um inv\u00f3lucro met\u00e1lico, e tentou se evadir. De imediato foi abordado e localizado o objeto dispensado anteriormente, tratando-se [&hellip;]<\/p>\n","protected":false},"author":2,"featured_media":19871,"comment_status":"open","ping_status":"open","sticky":false,"template":"","format":"standard","meta":{"footnotes":""},"categories":[2],"tags":[172],"class_list":["post-36288","post","type-post","status-publish","format-standard","has-post-thumbnail","hentry","category-policial","tag-featured"],"amp_enabled":true,"_links":{"self":[{"href":"https:\/\/radiostudiow.com.br\/site\/wp-json\/wp\/v2\/posts\/36288","targetHints":{"allow":["GET"]}}],"collection":[{"href":"https:\/\/radiostudiow.com.br\/site\/wp-json\/wp\/v2\/posts"}],"about":[{"href":"https:\/\/radiostudiow.com.br\/site\/wp-json\/wp\/v2\/types\/post"}],"author":[{"embeddable":true,"href":"https:\/\/radiostudiow.com.br\/site\/wp-json\/wp\/v2\/users\/2"}],"replies":[{"embeddable":true,"href":"https:\/\/radiostudiow.com.br\/site\/wp-json\/wp\/v2\/comments?post=36288"}],"version-history":[{"count":1,"href":"https:\/\/radiostudiow.com.br\/site\/wp-json\/wp\/v2\/posts\/36288\/revisions"}],"predecessor-version":[{"id":36289,"href":"https:\/\/radiostudiow.com.br\/site\/wp-json\/wp\/v2\/posts\/36288\/revisions\/36289"}],"wp:featuredmedia":[{"embeddable":true,"href":"https:\/\/radiostudiow.com.br\/site\/wp-json\/wp\/v2\/media\/19871"}],"wp:attachment":[{"href":"https:\/\/radiostudiow.com.br\/site\/wp-json\/wp\/v2\/media?parent=36288"}],"wp:term":[{"taxonomy":"category","embeddable":true,"href":"https:\/\/radiostudiow.com.br\/site\/wp-json\/wp\/v2\/categories?post=36288"},{"taxonomy":"post_tag","embeddable":true,"href":"https:\/\/radiostudiow.com.br\/site\/wp-json\/wp\/v2\/tags?post=36288"}],"curies":[{"name":"wp","href":"https:\/\/api.w.org\/{rel}","templated":true}]}}