{"id":36292,"date":"2025-04-01T11:34:23","date_gmt":"2025-04-01T14:34:23","guid":{"rendered":"https:\/\/radiostudiow.com.br\/site\/?p=36292"},"modified":"2025-04-01T11:34:24","modified_gmt":"2025-04-01T14:34:24","slug":"policia-ambiental-embarga-propriedade-por-desmatamento-ilegal-em-imbituva","status":"publish","type":"post","link":"https:\/\/radiostudiow.com.br\/site\/2025\/04\/01\/policia-ambiental-embarga-propriedade-por-desmatamento-ilegal-em-imbituva\/","title":{"rendered":"Pol\u00edcia Ambiental embarga propriedade por desmatamento ilegal em Imbituva"},"content":{"rendered":"\n<p><\/p>\n\n\n\n<p>Uma opera\u00e7\u00e3o da Pol\u00edcia Militar Ambiental resultou no embargo de uma propriedade rural na localidade de Ribeira dos Le\u00f5es, em Imbituva, devido \u00e0 destrui\u00e7\u00e3o de vegeta\u00e7\u00e3o nativa sem autoriza\u00e7\u00e3o.<\/p>\n\n\n\n<p>A a\u00e7\u00e3o ocorreu no dia 31 de mar\u00e7o, ap\u00f3s uma den\u00fancia an\u00f4nima recebida pelo telefone 181.<\/p>\n\n\n\n<p>Durante a vistoria, os policiais identificaram a destoca de uma \u00e1rea de 10,53 hectares, afetando um c\u00f3rrego e um banhado, \u00e1reas consideradas de preserva\u00e7\u00e3o permanente.<\/p>\n\n\n\n<figure class=\"wp-block-image size-full\"><img loading=\"lazy\" decoding=\"async\" width=\"897\" height=\"204\" src=\"https:\/\/radiostudiow.com.br\/site\/wp-content\/uploads\/2025\/03\/BARAO-NOVO-NOTICIAS-1.jpg\" alt=\"\" class=\"wp-image-35084\" srcset=\"https:\/\/radiostudiow.com.br\/site\/wp-content\/uploads\/2025\/03\/BARAO-NOVO-NOTICIAS-1.jpg 897w, https:\/\/radiostudiow.com.br\/site\/wp-content\/uploads\/2025\/03\/BARAO-NOVO-NOTICIAS-1-300x68.jpg 300w, https:\/\/radiostudiow.com.br\/site\/wp-content\/uploads\/2025\/03\/BARAO-NOVO-NOTICIAS-1-768x175.jpg 768w\" sizes=\"auto, (max-width: 897px) 100vw, 897px\" \/><\/figure>\n\n\n\n<figure class=\"wp-block-image size-large\"><img loading=\"lazy\" decoding=\"async\" width=\"1024\" height=\"768\" src=\"https:\/\/radiostudiow.com.br\/site\/wp-content\/uploads\/2025\/04\/e931d7da-d47e-4a84-9853-03c93f3e3edf-1024x768.jpg\" alt=\"\" class=\"wp-image-36293\" srcset=\"https:\/\/radiostudiow.com.br\/site\/wp-content\/uploads\/2025\/04\/e931d7da-d47e-4a84-9853-03c93f3e3edf-1024x768.jpg 1024w, https:\/\/radiostudiow.com.br\/site\/wp-content\/uploads\/2025\/04\/e931d7da-d47e-4a84-9853-03c93f3e3edf-300x225.jpg 300w, https:\/\/radiostudiow.com.br\/site\/wp-content\/uploads\/2025\/04\/e931d7da-d47e-4a84-9853-03c93f3e3edf-768x576.jpg 768w, https:\/\/radiostudiow.com.br\/site\/wp-content\/uploads\/2025\/04\/e931d7da-d47e-4a84-9853-03c93f3e3edf.jpg 1280w\" sizes=\"auto, (max-width: 1024px) 100vw, 1024px\" \/><\/figure>\n\n\n\n<p><\/p>\n\n\n\n<p>O respons\u00e1vel pela propriedade n\u00e3o possu\u00eda a devida autoriza\u00e7\u00e3o ambiental para realizar tais atividades, o que levou \u00e0 aplica\u00e7\u00e3o de medidas administrativas e criminais.<\/p>\n\n\n\n<p>Como resultado da opera\u00e7\u00e3o, a \u00e1rea total embargada chegou a 10,82 hectares. Al\u00e9m disso, foi lavrado um auto de infra\u00e7\u00e3o ambiental no valor de R$ 87.000,00 contra o infrator, que agora responder\u00e1 judicialmente pelos danos ambientais causados.<\/p>\n\n\n\n<p>A Pol\u00edcia Militar do Paran\u00e1 refor\u00e7a seu compromisso com a preserva\u00e7\u00e3o ambiental e incentiva a popula\u00e7\u00e3o a continuar denunciando crimes ambientais atrav\u00e9s dos canais oficiais.<\/p>\n\n\n\n<p><\/p>\n\n\n\n<figure class=\"wp-block-image size-large\"><img loading=\"lazy\" decoding=\"async\" width=\"1024\" height=\"768\" src=\"https:\/\/radiostudiow.com.br\/site\/wp-content\/uploads\/2025\/04\/4f8eaa1c-bbbf-4a9a-8c92-d956c886318a-1024x768.jpg\" alt=\"\" class=\"wp-image-36294\" srcset=\"https:\/\/radiostudiow.com.br\/site\/wp-content\/uploads\/2025\/04\/4f8eaa1c-bbbf-4a9a-8c92-d956c886318a-1024x768.jpg 1024w, https:\/\/radiostudiow.com.br\/site\/wp-content\/uploads\/2025\/04\/4f8eaa1c-bbbf-4a9a-8c92-d956c886318a-300x225.jpg 300w, https:\/\/radiostudiow.com.br\/site\/wp-content\/uploads\/2025\/04\/4f8eaa1c-bbbf-4a9a-8c92-d956c886318a-768x576.jpg 768w, https:\/\/radiostudiow.com.br\/site\/wp-content\/uploads\/2025\/04\/4f8eaa1c-bbbf-4a9a-8c92-d956c886318a.jpg 1280w\" sizes=\"auto, (max-width: 1024px) 100vw, 1024px\" \/><\/figure>\n\n\n\n<p><\/p>\n\n\n\n<figure class=\"wp-block-image size-full\"><img loading=\"lazy\" decoding=\"async\" width=\"897\" height=\"204\" src=\"https:\/\/radiostudiow.com.br\/site\/wp-content\/uploads\/2025\/03\/image-62.png\" alt=\"\" class=\"wp-image-35859\" srcset=\"https:\/\/radiostudiow.com.br\/site\/wp-content\/uploads\/2025\/03\/image-62.png 897w, https:\/\/radiostudiow.com.br\/site\/wp-content\/uploads\/2025\/03\/image-62-300x68.png 300w, https:\/\/radiostudiow.com.br\/site\/wp-content\/uploads\/2025\/03\/image-62-768x175.png 768w\" sizes=\"auto, (max-width: 897px) 100vw, 897px\" \/><\/figure>\n\n\n\n<p><\/p>\n\n\n\n<p><\/p>\n\n\n\n<p>Fonte: Policia Ambiental do Paran\u00e1<\/p>\n\n\n\n<p><\/p>\n","protected":false},"excerpt":{"rendered":"<p>Uma opera\u00e7\u00e3o da Pol\u00edcia Militar Ambiental resultou no embargo de uma propriedade rural na localidade de Ribeira dos Le\u00f5es, em Imbituva, devido \u00e0 destrui\u00e7\u00e3o de vegeta\u00e7\u00e3o nativa sem autoriza\u00e7\u00e3o. A a\u00e7\u00e3o ocorreu no dia 31 de mar\u00e7o, ap\u00f3s uma den\u00fancia an\u00f4nima recebida pelo telefone 181. Durante a vistoria, os policiais identificaram a destoca de uma [&hellip;]<\/p>\n","protected":false},"author":2,"featured_media":36295,"comment_status":"open","ping_status":"open","sticky":false,"template":"","format":"standard","meta":{"footnotes":""},"categories":[185],"tags":[172],"class_list":["post-36292","post","type-post","status-publish","format-standard","has-post-thumbnail","hentry","category-regional","tag-featured"],"amp_enabled":true,"_links":{"self":[{"href":"https:\/\/radiostudiow.com.br\/site\/wp-json\/wp\/v2\/posts\/36292","targetHints":{"allow":["GET"]}}],"collection":[{"href":"https:\/\/radiostudiow.com.br\/site\/wp-json\/wp\/v2\/posts"}],"about":[{"href":"https:\/\/radiostudiow.com.br\/site\/wp-json\/wp\/v2\/types\/post"}],"author":[{"embeddable":true,"href":"https:\/\/radiostudiow.com.br\/site\/wp-json\/wp\/v2\/users\/2"}],"replies":[{"embeddable":true,"href":"https:\/\/radiostudiow.com.br\/site\/wp-json\/wp\/v2\/comments?post=36292"}],"version-history":[{"count":1,"href":"https:\/\/radiostudiow.com.br\/site\/wp-json\/wp\/v2\/posts\/36292\/revisions"}],"predecessor-version":[{"id":36296,"href":"https:\/\/radiostudiow.com.br\/site\/wp-json\/wp\/v2\/posts\/36292\/revisions\/36296"}],"wp:featuredmedia":[{"embeddable":true,"href":"https:\/\/radiostudiow.com.br\/site\/wp-json\/wp\/v2\/media\/36295"}],"wp:attachment":[{"href":"https:\/\/radiostudiow.com.br\/site\/wp-json\/wp\/v2\/media?parent=36292"}],"wp:term":[{"taxonomy":"category","embeddable":true,"href":"https:\/\/radiostudiow.com.br\/site\/wp-json\/wp\/v2\/categories?post=36292"},{"taxonomy":"post_tag","embeddable":true,"href":"https:\/\/radiostudiow.com.br\/site\/wp-json\/wp\/v2\/tags?post=36292"}],"curies":[{"name":"wp","href":"https:\/\/api.w.org\/{rel}","templated":true}]}}