{"id":36299,"date":"2025-04-01T16:32:35","date_gmt":"2025-04-01T19:32:35","guid":{"rendered":"https:\/\/radiostudiow.com.br\/site\/?p=36299"},"modified":"2025-04-01T16:32:35","modified_gmt":"2025-04-01T19:32:35","slug":"corpo-de-vitima-de-afogamento-e-encontrado-durante-buscas-no-rio-negro","status":"publish","type":"post","link":"https:\/\/radiostudiow.com.br\/site\/2025\/04\/01\/corpo-de-vitima-de-afogamento-e-encontrado-durante-buscas-no-rio-negro\/","title":{"rendered":"Corpo de v\u00edtima de afogamento \u00e9 encontrado durante buscas no Rio Negro"},"content":{"rendered":"\n<p>A equipe de buscas subaqu\u00e1ticas do Corpo de Bombeiros da 2\u00aa RBM, com apoio do Sargento Greffin, de Papanduva, retomou na manh\u00e3 desta segunda-feira, 1\u00ba de abril, as opera\u00e7\u00f5es para localizar a segunda v\u00edtima do afogamento duplo ocorrido no Rio Negro, em Mafra, no \u00faltimo domingo (30).<\/p>\n\n\n\n<p>Ao chegarem \u00e0 Estrada Geral Campo Novo, os bombeiros iniciaram a prepara\u00e7\u00e3o dos equipamentos para a busca subaqu\u00e1tica. No entanto, por volta das 9h, um dos amigos da v\u00edtima, que estava em uma embarca\u00e7\u00e3o no rio, avistou o corpo emergindo a cerca de 30 metros do ponto onde havia sido encontrado o primeiro afogado.<\/p>\n\n\n\n<figure class=\"wp-block-image size-full\"><img loading=\"lazy\" decoding=\"async\" width=\"897\" height=\"204\" src=\"https:\/\/radiostudiow.com.br\/site\/wp-content\/uploads\/2025\/01\/SITE-GRANDE.png\" alt=\"\" class=\"wp-image-32809\" srcset=\"https:\/\/radiostudiow.com.br\/site\/wp-content\/uploads\/2025\/01\/SITE-GRANDE.png 897w, https:\/\/radiostudiow.com.br\/site\/wp-content\/uploads\/2025\/01\/SITE-GRANDE-300x68.png 300w, https:\/\/radiostudiow.com.br\/site\/wp-content\/uploads\/2025\/01\/SITE-GRANDE-768x175.png 768w\" sizes=\"auto, (max-width: 897px) 100vw, 897px\" \/><\/figure>\n\n\n\n<p>A guarni\u00e7\u00e3o imediatamente se deslocou at\u00e9 o local e trouxe o corpo do homem, de 43 anos, para a margem do rio. Em seguida, a Pol\u00edcia Cient\u00edfica foi acionada para realizar os procedimentos necess\u00e1rios. Os bombeiros permaneceram no local at\u00e9 a chegada da equipe pericial.<\/p>\n\n\n\n<p>Ap\u00f3s a finaliza\u00e7\u00e3o dos trabalhos, os profissionais recolheram os equipamentos e encerraram a opera\u00e7\u00e3o.<\/p>\n","protected":false},"excerpt":{"rendered":"<p>A equipe de buscas subaqu\u00e1ticas do Corpo de Bombeiros da 2\u00aa RBM, com apoio do Sargento Greffin, de Papanduva, retomou na manh\u00e3 desta segunda-feira, 1\u00ba de abril, as opera\u00e7\u00f5es para localizar a segunda v\u00edtima do afogamento duplo ocorrido no Rio Negro, em Mafra, no \u00faltimo domingo (30). Ao chegarem \u00e0 Estrada Geral Campo Novo, os [&hellip;]<\/p>\n","protected":false},"author":2,"featured_media":36300,"comment_status":"open","ping_status":"open","sticky":false,"template":"","format":"standard","meta":{"footnotes":""},"categories":[185],"tags":[172],"class_list":["post-36299","post","type-post","status-publish","format-standard","has-post-thumbnail","hentry","category-regional","tag-featured"],"amp_enabled":true,"_links":{"self":[{"href":"https:\/\/radiostudiow.com.br\/site\/wp-json\/wp\/v2\/posts\/36299","targetHints":{"allow":["GET"]}}],"collection":[{"href":"https:\/\/radiostudiow.com.br\/site\/wp-json\/wp\/v2\/posts"}],"about":[{"href":"https:\/\/radiostudiow.com.br\/site\/wp-json\/wp\/v2\/types\/post"}],"author":[{"embeddable":true,"href":"https:\/\/radiostudiow.com.br\/site\/wp-json\/wp\/v2\/users\/2"}],"replies":[{"embeddable":true,"href":"https:\/\/radiostudiow.com.br\/site\/wp-json\/wp\/v2\/comments?post=36299"}],"version-history":[{"count":1,"href":"https:\/\/radiostudiow.com.br\/site\/wp-json\/wp\/v2\/posts\/36299\/revisions"}],"predecessor-version":[{"id":36301,"href":"https:\/\/radiostudiow.com.br\/site\/wp-json\/wp\/v2\/posts\/36299\/revisions\/36301"}],"wp:featuredmedia":[{"embeddable":true,"href":"https:\/\/radiostudiow.com.br\/site\/wp-json\/wp\/v2\/media\/36300"}],"wp:attachment":[{"href":"https:\/\/radiostudiow.com.br\/site\/wp-json\/wp\/v2\/media?parent=36299"}],"wp:term":[{"taxonomy":"category","embeddable":true,"href":"https:\/\/radiostudiow.com.br\/site\/wp-json\/wp\/v2\/categories?post=36299"},{"taxonomy":"post_tag","embeddable":true,"href":"https:\/\/radiostudiow.com.br\/site\/wp-json\/wp\/v2\/tags?post=36299"}],"curies":[{"name":"wp","href":"https:\/\/api.w.org\/{rel}","templated":true}]}}