{"id":36308,"date":"2025-04-01T16:59:15","date_gmt":"2025-04-01T19:59:15","guid":{"rendered":"https:\/\/radiostudiow.com.br\/site\/?p=36308"},"modified":"2025-04-01T17:04:18","modified_gmt":"2025-04-01T20:04:18","slug":"homem-com-tornozeleira-eletronica-e-preso-com-arma-e-municoes-em-ivai","status":"publish","type":"post","link":"https:\/\/radiostudiow.com.br\/site\/2025\/04\/01\/homem-com-tornozeleira-eletronica-e-preso-com-arma-e-municoes-em-ivai\/","title":{"rendered":"Homem com tornozeleira eletr\u00f4nica \u00e9 preso com arma e muni\u00e7\u00f5es em Iva\u00ed"},"content":{"rendered":"\n<p>Na noite desta segunda (31), por volta das 23h10, a Pol\u00edcia Militar realizava patrulhamento no bairro Vila Feliz, em Iva\u00ed, quando avistou um indiv\u00edduo saindo de um beco em atitude suspeita. O homem, de 31 anos, usava tornozeleira eletr\u00f4nica e circulava em hor\u00e1rio incompat\u00edvel com as restri\u00e7\u00f5es do dispositivo.<\/p>\n\n\n\n<p>Ao perceber a presen\u00e7a da equipe policial, o suspeito tentou retornar para o beco, mas foi rapidamente abordado. Durante a revista pessoal, os policiais localizaram um rev\u00f3lver calibre .38 com seis muni\u00e7\u00f5es no tambor, al\u00e9m de mais seis muni\u00e7\u00f5es em seu bolso esquerdo. Tamb\u00e9m foi encontrada a quantia de R$ 440,00 em dinheiro.<\/p>\n\n\n\n<figure class=\"wp-block-image size-full\"><img loading=\"lazy\" decoding=\"async\" width=\"598\" height=\"204\" src=\"https:\/\/radiostudiow.com.br\/site\/wp-content\/uploads\/2025\/01\/SITE-MEDIO7.png\" alt=\"\" class=\"wp-image-32801\" srcset=\"https:\/\/radiostudiow.com.br\/site\/wp-content\/uploads\/2025\/01\/SITE-MEDIO7.png 598w, https:\/\/radiostudiow.com.br\/site\/wp-content\/uploads\/2025\/01\/SITE-MEDIO7-300x102.png 300w\" sizes=\"auto, (max-width: 598px) 100vw, 598px\" \/><\/figure>\n\n\n\n<p>Ap\u00f3s consulta ao sistema, verificou-se que o indiv\u00edduo possui diversas passagens criminais por roubo, furto e tr\u00e1fico de drogas. Questionado sobre a posse da arma, ele alegou ser integrante de uma fac\u00e7\u00e3o criminosa e afirmou estar se protegendo de amea\u00e7as de grupos rivais.<\/p>\n\n\n\n<p>A arma apreendida estava com a numera\u00e7\u00e3o suprimida, e as muni\u00e7\u00f5es eram de diferentes tipos: tr\u00eas de ponta azul, cinco de ponta cinza, uma de ponta cobre e tr\u00eas de ponta oca de modelo n\u00e3o identificado.<\/p>\n\n\n\n<p>O suspeito foi encaminhado ao hospital municipal de Iva\u00ed para a realiza\u00e7\u00e3o do laudo de les\u00e3o corporal e, posteriormente, conduzido \u00e0 Delegacia de Pol\u00edcia Civil de Irati. Devido ao risco de fuga e para garantir a seguran\u00e7a dos envolvidos, foi necess\u00e1rio o uso de algemas, conforme previsto na S\u00famula Vinculante n\u00ba 11.<\/p>\n","protected":false},"excerpt":{"rendered":"<p>Na noite desta segunda (31), por volta das 23h10, a Pol\u00edcia Militar realizava patrulhamento no bairro Vila Feliz, em Iva\u00ed, quando avistou um indiv\u00edduo saindo de um beco em atitude suspeita. O homem, de 31 anos, usava tornozeleira eletr\u00f4nica e circulava em hor\u00e1rio incompat\u00edvel com as restri\u00e7\u00f5es do dispositivo. Ao perceber a presen\u00e7a da equipe [&hellip;]<\/p>\n","protected":false},"author":2,"featured_media":36311,"comment_status":"open","ping_status":"open","sticky":false,"template":"","format":"standard","meta":{"footnotes":""},"categories":[2],"tags":[172],"class_list":["post-36308","post","type-post","status-publish","format-standard","has-post-thumbnail","hentry","category-policial","tag-featured"],"amp_enabled":true,"_links":{"self":[{"href":"https:\/\/radiostudiow.com.br\/site\/wp-json\/wp\/v2\/posts\/36308","targetHints":{"allow":["GET"]}}],"collection":[{"href":"https:\/\/radiostudiow.com.br\/site\/wp-json\/wp\/v2\/posts"}],"about":[{"href":"https:\/\/radiostudiow.com.br\/site\/wp-json\/wp\/v2\/types\/post"}],"author":[{"embeddable":true,"href":"https:\/\/radiostudiow.com.br\/site\/wp-json\/wp\/v2\/users\/2"}],"replies":[{"embeddable":true,"href":"https:\/\/radiostudiow.com.br\/site\/wp-json\/wp\/v2\/comments?post=36308"}],"version-history":[{"count":1,"href":"https:\/\/radiostudiow.com.br\/site\/wp-json\/wp\/v2\/posts\/36308\/revisions"}],"predecessor-version":[{"id":36309,"href":"https:\/\/radiostudiow.com.br\/site\/wp-json\/wp\/v2\/posts\/36308\/revisions\/36309"}],"wp:featuredmedia":[{"embeddable":true,"href":"https:\/\/radiostudiow.com.br\/site\/wp-json\/wp\/v2\/media\/36311"}],"wp:attachment":[{"href":"https:\/\/radiostudiow.com.br\/site\/wp-json\/wp\/v2\/media?parent=36308"}],"wp:term":[{"taxonomy":"category","embeddable":true,"href":"https:\/\/radiostudiow.com.br\/site\/wp-json\/wp\/v2\/categories?post=36308"},{"taxonomy":"post_tag","embeddable":true,"href":"https:\/\/radiostudiow.com.br\/site\/wp-json\/wp\/v2\/tags?post=36308"}],"curies":[{"name":"wp","href":"https:\/\/api.w.org\/{rel}","templated":true}]}}