{"id":36312,"date":"2025-04-01T17:55:19","date_gmt":"2025-04-01T20:55:19","guid":{"rendered":"https:\/\/radiostudiow.com.br\/site\/?p=36312"},"modified":"2025-04-01T17:55:19","modified_gmt":"2025-04-01T20:55:19","slug":"proprietario-denuncia-corte-irregular-de-arvores-em-sua-propriedade-em-rio-azul","status":"publish","type":"post","link":"https:\/\/radiostudiow.com.br\/site\/2025\/04\/01\/proprietario-denuncia-corte-irregular-de-arvores-em-sua-propriedade-em-rio-azul\/","title":{"rendered":"Propriet\u00e1rio denuncia corte irregular de arvores em sua propriedade em Rio Azul"},"content":{"rendered":"\n<p>Uma equipe policial deslocou-se at\u00e9 a localidade de Marumbi dos Ribeiros para atender a uma den\u00fancia de corte irregular de \u00e1rvores por volta das 10h30min desta segunda-feira (31). O solicitante informou que indiv\u00edduos desconhecidos haviam derrubado \u00e1rvores nativas em sua propriedade.<\/p>\n\n\n\n<p>No local, o denunciante esclareceu que n\u00e3o sabia precisar a data exata do corte, estimando que tenha ocorrido entre sexta-feira e s\u00e1bado. Ele relatou que as \u00e1rvores cortadas eram eucaliptos de sua propriedade, plantados em um terreno pertencente a seu pai, do qual possui posse e contrato.<\/p>\n\n\n\n<figure class=\"wp-block-image size-full\"><img loading=\"lazy\" decoding=\"async\" width=\"897\" height=\"204\" src=\"https:\/\/radiostudiow.com.br\/site\/wp-content\/uploads\/2025\/01\/SITE-GRANDE2.png\" alt=\"\" class=\"wp-image-32805\" srcset=\"https:\/\/radiostudiow.com.br\/site\/wp-content\/uploads\/2025\/01\/SITE-GRANDE2.png 897w, https:\/\/radiostudiow.com.br\/site\/wp-content\/uploads\/2025\/01\/SITE-GRANDE2-300x68.png 300w, https:\/\/radiostudiow.com.br\/site\/wp-content\/uploads\/2025\/01\/SITE-GRANDE2-768x175.png 768w\" sizes=\"auto, (max-width: 897px) 100vw, 897px\" \/><\/figure>\n\n\n\n<p>O solicitante apontou um vizinho como poss\u00edvel autor do corte das \u00e1rvores e informou j\u00e1 ter acionado a Pol\u00edcia Ambiental, al\u00e9m de ter registrado fotografias do ocorrido. Preocupado com a possibilidade de ser responsabilizado pela remo\u00e7\u00e3o das \u00e1rvores, decidiu registrar a ocorr\u00eancia para resguardar seus direitos.<\/p>\n\n\n\n<p>Diante dos fatos, o denunciante foi orientado a comparecer \u00e0 Delegacia de Pol\u00edcia Civil para dar continuidade ao caso, permitindo que a autoridade policial tome as medidas cab\u00edveis.<\/p>\n\n\n\n<figure class=\"wp-block-image size-full\"><img loading=\"lazy\" decoding=\"async\" width=\"598\" height=\"204\" src=\"https:\/\/radiostudiow.com.br\/site\/wp-content\/uploads\/2025\/01\/SITE-MEDIO.png\" alt=\"\" class=\"wp-image-32810\" srcset=\"https:\/\/radiostudiow.com.br\/site\/wp-content\/uploads\/2025\/01\/SITE-MEDIO.png 598w, https:\/\/radiostudiow.com.br\/site\/wp-content\/uploads\/2025\/01\/SITE-MEDIO-300x102.png 300w\" sizes=\"auto, (max-width: 598px) 100vw, 598px\" \/><\/figure>\n","protected":false},"excerpt":{"rendered":"<p>Uma equipe policial deslocou-se at\u00e9 a localidade de Marumbi dos Ribeiros para atender a uma den\u00fancia de corte irregular de \u00e1rvores por volta das 10h30min desta segunda-feira (31). O solicitante informou que indiv\u00edduos desconhecidos haviam derrubado \u00e1rvores nativas em sua propriedade. No local, o denunciante esclareceu que n\u00e3o sabia precisar a data exata do corte, [&hellip;]<\/p>\n","protected":false},"author":2,"featured_media":35301,"comment_status":"open","ping_status":"open","sticky":false,"template":"","format":"standard","meta":{"footnotes":""},"categories":[2],"tags":[172],"class_list":["post-36312","post","type-post","status-publish","format-standard","has-post-thumbnail","hentry","category-policial","tag-featured"],"amp_enabled":true,"_links":{"self":[{"href":"https:\/\/radiostudiow.com.br\/site\/wp-json\/wp\/v2\/posts\/36312","targetHints":{"allow":["GET"]}}],"collection":[{"href":"https:\/\/radiostudiow.com.br\/site\/wp-json\/wp\/v2\/posts"}],"about":[{"href":"https:\/\/radiostudiow.com.br\/site\/wp-json\/wp\/v2\/types\/post"}],"author":[{"embeddable":true,"href":"https:\/\/radiostudiow.com.br\/site\/wp-json\/wp\/v2\/users\/2"}],"replies":[{"embeddable":true,"href":"https:\/\/radiostudiow.com.br\/site\/wp-json\/wp\/v2\/comments?post=36312"}],"version-history":[{"count":2,"href":"https:\/\/radiostudiow.com.br\/site\/wp-json\/wp\/v2\/posts\/36312\/revisions"}],"predecessor-version":[{"id":36314,"href":"https:\/\/radiostudiow.com.br\/site\/wp-json\/wp\/v2\/posts\/36312\/revisions\/36314"}],"wp:featuredmedia":[{"embeddable":true,"href":"https:\/\/radiostudiow.com.br\/site\/wp-json\/wp\/v2\/media\/35301"}],"wp:attachment":[{"href":"https:\/\/radiostudiow.com.br\/site\/wp-json\/wp\/v2\/media?parent=36312"}],"wp:term":[{"taxonomy":"category","embeddable":true,"href":"https:\/\/radiostudiow.com.br\/site\/wp-json\/wp\/v2\/categories?post=36312"},{"taxonomy":"post_tag","embeddable":true,"href":"https:\/\/radiostudiow.com.br\/site\/wp-json\/wp\/v2\/tags?post=36312"}],"curies":[{"name":"wp","href":"https:\/\/api.w.org\/{rel}","templated":true}]}}