{"id":36318,"date":"2025-04-01T18:39:05","date_gmt":"2025-04-01T21:39:05","guid":{"rendered":"https:\/\/radiostudiow.com.br\/site\/?p=36318"},"modified":"2025-04-01T18:39:06","modified_gmt":"2025-04-01T21:39:06","slug":"idosa-de-88-anos-e-encontrada-debilitada-apos-desaparecer-em-porto-uniao","status":"publish","type":"post","link":"https:\/\/radiostudiow.com.br\/site\/2025\/04\/01\/idosa-de-88-anos-e-encontrada-debilitada-apos-desaparecer-em-porto-uniao\/","title":{"rendered":"Idosa de 88 anos \u00e9 encontrada debilitada ap\u00f3s desaparecer em Porto Uni\u00e3o"},"content":{"rendered":"\n<p>Uma equipe da Pol\u00edcia Militar de Porto Uni\u00e3o foi acionada para deslocar at\u00e9 a localidade de Santa Maria, interior do munic\u00edpio nesta ter\u00e7a-feira, 01\u00b0 de abril, para verificar uma ocorr\u00eancia de desaparecimento.<\/p>\n\n\n\n<p>A v\u00edtima, uma senhora de 88 anos de idade estava desaparecida desde \u00e0s 17 horas dessa segunda-feira (31).<\/p>\n\n\n\n<figure class=\"wp-block-image size-full\"><img loading=\"lazy\" decoding=\"async\" width=\"897\" height=\"204\" src=\"https:\/\/radiostudiow.com.br\/site\/wp-content\/uploads\/2025\/01\/SITE-GRANDE5.png\" alt=\"\" class=\"wp-image-32814\" srcset=\"https:\/\/radiostudiow.com.br\/site\/wp-content\/uploads\/2025\/01\/SITE-GRANDE5.png 897w, https:\/\/radiostudiow.com.br\/site\/wp-content\/uploads\/2025\/01\/SITE-GRANDE5-300x68.png 300w, https:\/\/radiostudiow.com.br\/site\/wp-content\/uploads\/2025\/01\/SITE-GRANDE5-768x175.png 768w\" sizes=\"auto, (max-width: 897px) 100vw, 897px\" \/><\/figure>\n\n\n\n<p>Os policiais iniciaram as buscas e localizaram a idosa em uma trilha, que estava aproximadamente tr\u00eas quil\u00f4metros de dist\u00e2ncia da sua resid\u00eancia.<\/p>\n\n\n\n<p>Os militares verificaram que a senhora estava debilitada, com fome e dificuldade de caminhar, auxiliando-a at\u00e9 a chegada de seus familiares.<\/p>\n\n\n\n<p>Fonte: PMSC<\/p>\n","protected":false},"excerpt":{"rendered":"<p>Uma equipe da Pol\u00edcia Militar de Porto Uni\u00e3o foi acionada para deslocar at\u00e9 a localidade de Santa Maria, interior do munic\u00edpio nesta ter\u00e7a-feira, 01\u00b0 de abril, para verificar uma ocorr\u00eancia de desaparecimento. A v\u00edtima, uma senhora de 88 anos de idade estava desaparecida desde \u00e0s 17 horas dessa segunda-feira (31). Os policiais iniciaram as buscas [&hellip;]<\/p>\n","protected":false},"author":2,"featured_media":36320,"comment_status":"open","ping_status":"open","sticky":false,"template":"","format":"standard","meta":{"footnotes":""},"categories":[2],"tags":[172],"class_list":["post-36318","post","type-post","status-publish","format-standard","has-post-thumbnail","hentry","category-policial","tag-featured"],"amp_enabled":true,"_links":{"self":[{"href":"https:\/\/radiostudiow.com.br\/site\/wp-json\/wp\/v2\/posts\/36318","targetHints":{"allow":["GET"]}}],"collection":[{"href":"https:\/\/radiostudiow.com.br\/site\/wp-json\/wp\/v2\/posts"}],"about":[{"href":"https:\/\/radiostudiow.com.br\/site\/wp-json\/wp\/v2\/types\/post"}],"author":[{"embeddable":true,"href":"https:\/\/radiostudiow.com.br\/site\/wp-json\/wp\/v2\/users\/2"}],"replies":[{"embeddable":true,"href":"https:\/\/radiostudiow.com.br\/site\/wp-json\/wp\/v2\/comments?post=36318"}],"version-history":[{"count":1,"href":"https:\/\/radiostudiow.com.br\/site\/wp-json\/wp\/v2\/posts\/36318\/revisions"}],"predecessor-version":[{"id":36321,"href":"https:\/\/radiostudiow.com.br\/site\/wp-json\/wp\/v2\/posts\/36318\/revisions\/36321"}],"wp:featuredmedia":[{"embeddable":true,"href":"https:\/\/radiostudiow.com.br\/site\/wp-json\/wp\/v2\/media\/36320"}],"wp:attachment":[{"href":"https:\/\/radiostudiow.com.br\/site\/wp-json\/wp\/v2\/media?parent=36318"}],"wp:term":[{"taxonomy":"category","embeddable":true,"href":"https:\/\/radiostudiow.com.br\/site\/wp-json\/wp\/v2\/categories?post=36318"},{"taxonomy":"post_tag","embeddable":true,"href":"https:\/\/radiostudiow.com.br\/site\/wp-json\/wp\/v2\/tags?post=36318"}],"curies":[{"name":"wp","href":"https:\/\/api.w.org\/{rel}","templated":true}]}}