{"id":36322,"date":"2025-04-01T18:46:31","date_gmt":"2025-04-01T21:46:31","guid":{"rendered":"https:\/\/radiostudiow.com.br\/site\/?p=36322"},"modified":"2025-04-01T18:46:31","modified_gmt":"2025-04-01T21:46:31","slug":"boletim-semanal-registra-mais-seis-obitos-e-5-181-novos-casos-de-dengue","status":"publish","type":"post","link":"https:\/\/radiostudiow.com.br\/site\/2025\/04\/01\/boletim-semanal-registra-mais-seis-obitos-e-5-181-novos-casos-de-dengue\/","title":{"rendered":"Boletim semanal registra mais seis \u00f3bitos e 5.181 novos casos de dengue"},"content":{"rendered":"\n<p>A Secretaria de Estado da Sa\u00fade (Sesa), por meio da Coordenadoria Estadual de Vigil\u00e2ncia Ambiental, publicou nesta ter\u00e7a-feira (01) o novo informe semanal da dengue. Foram registrados 5.181 novos casos da doen\u00e7a e seis \u00f3bitos.&nbsp;Os dados do novo ano epidemiol\u00f3gico 2025 totalizam 99.585 notifica\u00e7\u00f5es, 25.231 diagn\u00f3sticos confirmados e 19 mortes.<\/p>\n\n\n\n<p>Os novos \u00f3bitos registrados ocorreram entre janeiro e mar\u00e7o. Trata-se de cinco mulheres e um homem, com idades entre 29 e 92 anos, sendo que apenas um dos pacientes, uma mulher de 29 anos, n\u00e3o apresentava comorbidades.<\/p>\n\n\n\n<div class=\"wp-block-media-text is-stacked-on-mobile\"><figure class=\"wp-block-media-text__media\"><img loading=\"lazy\" decoding=\"async\" width=\"1024\" height=\"1024\" src=\"https:\/\/radiostudiow.com.br\/site\/wp-content\/uploads\/2025\/03\/LABIRATI0-1024x1024.png\" alt=\"\" class=\"wp-image-35965 size-full\" srcset=\"https:\/\/radiostudiow.com.br\/site\/wp-content\/uploads\/2025\/03\/LABIRATI0-1024x1024.png 1024w, https:\/\/radiostudiow.com.br\/site\/wp-content\/uploads\/2025\/03\/LABIRATI0-300x300.png 300w, https:\/\/radiostudiow.com.br\/site\/wp-content\/uploads\/2025\/03\/LABIRATI0-768x768.png 768w, https:\/\/radiostudiow.com.br\/site\/wp-content\/uploads\/2025\/03\/LABIRATI0-1536x1536.png 1536w, https:\/\/radiostudiow.com.br\/site\/wp-content\/uploads\/2025\/03\/LABIRATI0.png 1600w\" sizes=\"auto, (max-width: 1024px) 100vw, 1024px\" \/><\/figure><div class=\"wp-block-media-text__content\">\n<p>Os pacientes residiam nos munic\u00edpios de Nova Londrina e Quer\u00eancia do Norte (14\u00aa Regional de Sa\u00fade de Paranava\u00ed), Arapongas (16\u00aa RS Apucarana), Porecatu e Florest\u00f3polis (17\u00aa RS de Londrina) e Ribeir\u00e3o do Pinhal (18\u00aa RS de Corn\u00e9lio Proc\u00f3pio).<\/p>\n\n\n\n<p>No total, 392 munic\u00edpios j\u00e1 apresentaram notifica\u00e7\u00f5es da doen\u00e7a, transmitida pelo mosquito\u00a0Aedes aegypti, e 327 possuem casos confirmados.<\/p>\n<\/div><\/div>\n\n\n\n<p><\/p>\n\n\n\n<p>As regionais com os maiores n\u00fameros de casos confirmados neste per\u00edodo epidemiol\u00f3gico s\u00e3o a 14\u00aa Regional de Sa\u00fade de Paranava\u00ed (6.375); 17\u00aa RS de Londrina (5.634); 15\u00aa RS Maring\u00e1 (2.707); 12\u00aa RS de Umuarama (2.002) e 19\u00aa RS Jacarezinho (1.386).<\/p>\n\n\n\n<p><strong>OUTRAS ARBOVIROSES&nbsp;\u2013&nbsp;<\/strong>A publica\u00e7\u00e3o traz ainda dados sobre Chikungunya e Zika, doen\u00e7as que tamb\u00e9m t\u00eam como vetor o mosquito&nbsp;Aedes aegypti. Foram confirmados 1.085 casos de Chikungunya, com um total de 2.879 notifica\u00e7\u00f5es da doen\u00e7a no Estado. Quanto ao Zika V\u00edrus, at\u00e9 o momento foram registradas 32 notifica\u00e7\u00f5es, sem casos confirmados.<\/p>\n\n\n\n<p>Confira o Informe Semanal completo&nbsp;<strong><a href=\"https:\/\/www.documentador.pr.gov.br\/documentador\/pub.do?action=d&amp;uuid=@gtf-escriba-sesa@e98afb66-901f-4f34-8bee-f37fc9a7b45c&amp;emPg=true\" target=\"_blank\" rel=\"noreferrer noopener\">AQUI<\/a><\/strong>.<\/p>\n\n\n\n<p>Mais informa\u00e7\u00f5es sobre a dengue est\u00e3o&nbsp;neste&nbsp;<strong><a href=\"https:\/\/www.dengue.pr.gov.br\/\" target=\"_blank\" rel=\"noreferrer noopener\">LINK<\/a><\/strong>.<\/p>\n\n\n\n<ul class=\"wp-block-list\">\n<li><a href=\"https:\/\/www.saude.pr.gov.br\/sites\/default\/arquivos_restritos\/files\/imagem\/2024-12\/avisocapa_dengue_2025.jpg\"><\/a><a href=\"https:\/\/www.saude.pr.gov.br\/sites\/default\/arquivos_restritos\/files\/imagem\/2024-12\/avisocapa_dengue_2025.jpg\"><\/a><\/li>\n<\/ul>\n","protected":false},"excerpt":{"rendered":"<p>A Secretaria de Estado da Sa\u00fade (Sesa), por meio da Coordenadoria Estadual de Vigil\u00e2ncia Ambiental, publicou nesta ter\u00e7a-feira (01) o novo informe semanal da dengue. Foram registrados 5.181 novos casos da doen\u00e7a e seis \u00f3bitos.&nbsp;Os dados do novo ano epidemiol\u00f3gico 2025 totalizam 99.585 notifica\u00e7\u00f5es, 25.231 diagn\u00f3sticos confirmados e 19 mortes. Os novos \u00f3bitos registrados ocorreram [&hellip;]<\/p>\n","protected":false},"author":2,"featured_media":33421,"comment_status":"open","ping_status":"open","sticky":false,"template":"","format":"standard","meta":{"footnotes":""},"categories":[182],"tags":[172],"class_list":["post-36322","post","type-post","status-publish","format-standard","has-post-thumbnail","hentry","category-saude","tag-featured"],"amp_enabled":true,"_links":{"self":[{"href":"https:\/\/radiostudiow.com.br\/site\/wp-json\/wp\/v2\/posts\/36322","targetHints":{"allow":["GET"]}}],"collection":[{"href":"https:\/\/radiostudiow.com.br\/site\/wp-json\/wp\/v2\/posts"}],"about":[{"href":"https:\/\/radiostudiow.com.br\/site\/wp-json\/wp\/v2\/types\/post"}],"author":[{"embeddable":true,"href":"https:\/\/radiostudiow.com.br\/site\/wp-json\/wp\/v2\/users\/2"}],"replies":[{"embeddable":true,"href":"https:\/\/radiostudiow.com.br\/site\/wp-json\/wp\/v2\/comments?post=36322"}],"version-history":[{"count":1,"href":"https:\/\/radiostudiow.com.br\/site\/wp-json\/wp\/v2\/posts\/36322\/revisions"}],"predecessor-version":[{"id":36323,"href":"https:\/\/radiostudiow.com.br\/site\/wp-json\/wp\/v2\/posts\/36322\/revisions\/36323"}],"wp:featuredmedia":[{"embeddable":true,"href":"https:\/\/radiostudiow.com.br\/site\/wp-json\/wp\/v2\/media\/33421"}],"wp:attachment":[{"href":"https:\/\/radiostudiow.com.br\/site\/wp-json\/wp\/v2\/media?parent=36322"}],"wp:term":[{"taxonomy":"category","embeddable":true,"href":"https:\/\/radiostudiow.com.br\/site\/wp-json\/wp\/v2\/categories?post=36322"},{"taxonomy":"post_tag","embeddable":true,"href":"https:\/\/radiostudiow.com.br\/site\/wp-json\/wp\/v2\/tags?post=36322"}],"curies":[{"name":"wp","href":"https:\/\/api.w.org\/{rel}","templated":true}]}}