{"id":36331,"date":"2025-04-02T10:06:53","date_gmt":"2025-04-02T13:06:53","guid":{"rendered":"https:\/\/radiostudiow.com.br\/site\/?p=36331"},"modified":"2025-04-02T11:10:02","modified_gmt":"2025-04-02T14:10:02","slug":"pm-prende-homem-por-ameaca-contra-mulher-e-violencia-domestica-em-paula-freitas","status":"publish","type":"post","link":"https:\/\/radiostudiow.com.br\/site\/2025\/04\/02\/pm-prende-homem-por-ameaca-contra-mulher-e-violencia-domestica-em-paula-freitas\/","title":{"rendered":"PM prende homem por amea\u00e7a contra mulher e viol\u00eancia dom\u00e9stica em Paula Freitas"},"content":{"rendered":"\n<p>A equipe da Pol\u00edcia Militar de Paula Freitas tomou conhecimento atrav\u00e9s da Assist\u00eancia Social Municipal sobre uma paciente que estaria em situa\u00e7\u00e3o de viol\u00eancia dom\u00e9stica por volta das 11 horas dessa ter\u00e7a-feira (01\u00b0).<\/p>\n\n\n\n<figure class=\"wp-block-image size-full\"><img loading=\"lazy\" decoding=\"async\" width=\"897\" height=\"204\" src=\"https:\/\/radiostudiow.com.br\/site\/wp-content\/uploads\/2025\/01\/SITE-GRANDE3.png\" alt=\"\" class=\"wp-image-32900\" srcset=\"https:\/\/radiostudiow.com.br\/site\/wp-content\/uploads\/2025\/01\/SITE-GRANDE3.png 897w, https:\/\/radiostudiow.com.br\/site\/wp-content\/uploads\/2025\/01\/SITE-GRANDE3-300x68.png 300w, https:\/\/radiostudiow.com.br\/site\/wp-content\/uploads\/2025\/01\/SITE-GRANDE3-768x175.png 768w\" sizes=\"auto, (max-width: 897px) 100vw, 897px\" \/><\/figure>\n\n\n\n<p>Os policiais se deslocaram at\u00e9 o endere\u00e7o, em conversa com a v\u00edtima, ela relatou situa\u00e7\u00f5es de abusos, amea\u00e7as e restri\u00e7\u00e3o de sua liberdade, sendo o autor o seu ex-marido. Na resid\u00eancia foi encontrada a arma de fogo que estaria sendo utilizada para o crime, sendo uma pistola Taurus G2C, com 32 muni\u00e7\u00f5es intactas.<\/p>\n\n\n\n<p>Diante dos fatos, autor, v\u00edtima e armamento foram apresentadosperante a 4\u00aa SDP para provid\u00eancias de pol\u00edcia judici\u00e1ria.<\/p>\n","protected":false},"excerpt":{"rendered":"<p>A equipe da Pol\u00edcia Militar de Paula Freitas tomou conhecimento atrav\u00e9s da Assist\u00eancia Social Municipal sobre uma paciente que estaria em situa\u00e7\u00e3o de viol\u00eancia dom\u00e9stica por volta das 11 horas dessa ter\u00e7a-feira (01\u00b0). Os policiais se deslocaram at\u00e9 o endere\u00e7o, em conversa com a v\u00edtima, ela relatou situa\u00e7\u00f5es de abusos, amea\u00e7as e restri\u00e7\u00e3o de sua [&hellip;]<\/p>\n","protected":false},"author":2,"featured_media":36352,"comment_status":"open","ping_status":"open","sticky":false,"template":"","format":"standard","meta":{"footnotes":""},"categories":[2],"tags":[172],"class_list":["post-36331","post","type-post","status-publish","format-standard","has-post-thumbnail","hentry","category-policial","tag-featured"],"amp_enabled":true,"_links":{"self":[{"href":"https:\/\/radiostudiow.com.br\/site\/wp-json\/wp\/v2\/posts\/36331","targetHints":{"allow":["GET"]}}],"collection":[{"href":"https:\/\/radiostudiow.com.br\/site\/wp-json\/wp\/v2\/posts"}],"about":[{"href":"https:\/\/radiostudiow.com.br\/site\/wp-json\/wp\/v2\/types\/post"}],"author":[{"embeddable":true,"href":"https:\/\/radiostudiow.com.br\/site\/wp-json\/wp\/v2\/users\/2"}],"replies":[{"embeddable":true,"href":"https:\/\/radiostudiow.com.br\/site\/wp-json\/wp\/v2\/comments?post=36331"}],"version-history":[{"count":1,"href":"https:\/\/radiostudiow.com.br\/site\/wp-json\/wp\/v2\/posts\/36331\/revisions"}],"predecessor-version":[{"id":36336,"href":"https:\/\/radiostudiow.com.br\/site\/wp-json\/wp\/v2\/posts\/36331\/revisions\/36336"}],"wp:featuredmedia":[{"embeddable":true,"href":"https:\/\/radiostudiow.com.br\/site\/wp-json\/wp\/v2\/media\/36352"}],"wp:attachment":[{"href":"https:\/\/radiostudiow.com.br\/site\/wp-json\/wp\/v2\/media?parent=36331"}],"wp:term":[{"taxonomy":"category","embeddable":true,"href":"https:\/\/radiostudiow.com.br\/site\/wp-json\/wp\/v2\/categories?post=36331"},{"taxonomy":"post_tag","embeddable":true,"href":"https:\/\/radiostudiow.com.br\/site\/wp-json\/wp\/v2\/tags?post=36331"}],"curies":[{"name":"wp","href":"https:\/\/api.w.org\/{rel}","templated":true}]}}