{"id":36332,"date":"2025-04-02T09:35:19","date_gmt":"2025-04-02T12:35:19","guid":{"rendered":"https:\/\/radiostudiow.com.br\/site\/?p=36332"},"modified":"2025-04-02T09:35:19","modified_gmt":"2025-04-02T12:35:19","slug":"urgente-grave-acidente-na-br-476-deixa-quatro-mortos-e-interdita-rodovia","status":"publish","type":"post","link":"https:\/\/radiostudiow.com.br\/site\/2025\/04\/02\/urgente-grave-acidente-na-br-476-deixa-quatro-mortos-e-interdita-rodovia\/","title":{"rendered":"URGENTE! Grave acidente na BR-476 deixa quatro mortos e interdita rodovia"},"content":{"rendered":"\n<p><\/p>\n\n\n\n<p>Um grave acidente envolvendo pelo menos tr\u00eas ve\u00edculos foi registrado na manh\u00e3 desta quarta-feira (2), na BR-476, no Km 335, na regi\u00e3o de Vargem Grande, entre os munic\u00edpios de Paula Freitas e Paulo Frontin.<\/p>\n\n\n\n<h2 class=\"wp-block-heading\">De acordo com informa\u00e7\u00f5es do rep\u00f3rter Tiago Amaral, a colis\u00e3o resultou na morte de quatro pessoas e deixou outras quatro em estado grave. <\/h2>\n\n\n\n<p><\/p>\n\n\n\n<figure class=\"wp-block-image size-full\"><img loading=\"lazy\" decoding=\"async\" width=\"405\" height=\"601\" src=\"https:\/\/radiostudiow.com.br\/site\/wp-content\/uploads\/2025\/04\/2.jpg\" alt=\"\" class=\"wp-image-36333\" srcset=\"https:\/\/radiostudiow.com.br\/site\/wp-content\/uploads\/2025\/04\/2.jpg 405w, https:\/\/radiostudiow.com.br\/site\/wp-content\/uploads\/2025\/04\/2-202x300.jpg 202w\" sizes=\"auto, (max-width: 405px) 100vw, 405px\" \/><\/figure>\n\n\n\n<p><\/p>\n\n\n\n<p><\/p>\n\n\n\n<figure class=\"wp-block-image size-full\"><img loading=\"lazy\" decoding=\"async\" width=\"897\" height=\"204\" src=\"https:\/\/radiostudiow.com.br\/site\/wp-content\/uploads\/2025\/03\/SITE-GRANDE5.png\" alt=\"\" class=\"wp-image-35420\" srcset=\"https:\/\/radiostudiow.com.br\/site\/wp-content\/uploads\/2025\/03\/SITE-GRANDE5.png 897w, https:\/\/radiostudiow.com.br\/site\/wp-content\/uploads\/2025\/03\/SITE-GRANDE5-300x68.png 300w, https:\/\/radiostudiow.com.br\/site\/wp-content\/uploads\/2025\/03\/SITE-GRANDE5-768x175.png 768w\" sizes=\"auto, (max-width: 897px) 100vw, 897px\" \/><\/figure>\n\n\n\n<p>Os feridos foram socorridos e encaminhados para o Hospital S\u00e3o Camilo, em Uni\u00e3o da Vit\u00f3ria.<\/p>\n\n\n\n<p>Equipes do Corpo de Bombeiros de Uni\u00e3o da Vit\u00f3ria e do Servi\u00e7o de Atendimento M\u00f3vel de Urg\u00eancia (Samu) prestam apoio no local do acidente.<\/p>\n\n\n\n<p><strong>Um dos ve\u00edculos envolvidos, um utilit\u00e1rio branco, ficou completamente destru\u00eddo, dificultando a identifica\u00e7\u00e3o do modelo exato, podendo ser uma F1000 ou F4000. Segundo informa\u00e7\u00f5es dos bombeiros, as quatro v\u00edtimas fatais eram homens.<\/strong><\/p>\n\n\n\n<p>A Pol\u00edcia Cient\u00edfica e o Instituto M\u00e9dico Legal (IML) de Uni\u00e3o da Vit\u00f3ria est\u00e3o no local para realizar a per\u00edcia e a remo\u00e7\u00e3o dos corpos.<\/p>\n\n\n\n<p>A BR-476 segue interditada nos dois sentidos, e os motoristas que trafegam pela regi\u00e3o devem redobrar a aten\u00e7\u00e3o e buscar rotas alternativas.<\/p>\n\n\n\n<p><\/p>\n\n\n\n<blockquote class=\"wp-block-quote is-layout-flow wp-block-quote-is-layout-flow\">\n<p>AINDA HOJE MAIS INFORMA\u00c7\u00d5ES AQUI NA SUA STUDIO W!<\/p>\n<\/blockquote>\n\n\n\n<p><\/p>\n\n\n\n<p>Fonte e fotos: P\u00e1gina Rep\u00f3rter Tiago Amaral<\/p>\n\n\n\n<figure class=\"wp-block-image size-full\"><img loading=\"lazy\" decoding=\"async\" width=\"897\" height=\"204\" src=\"https:\/\/radiostudiow.com.br\/site\/wp-content\/uploads\/2025\/02\/SITE-GRANDE7.png\" alt=\"\" class=\"wp-image-33861\" srcset=\"https:\/\/radiostudiow.com.br\/site\/wp-content\/uploads\/2025\/02\/SITE-GRANDE7.png 897w, https:\/\/radiostudiow.com.br\/site\/wp-content\/uploads\/2025\/02\/SITE-GRANDE7-300x68.png 300w, https:\/\/radiostudiow.com.br\/site\/wp-content\/uploads\/2025\/02\/SITE-GRANDE7-768x175.png 768w\" sizes=\"auto, (max-width: 897px) 100vw, 897px\" \/><\/figure>\n\n\n\n<p><\/p>\n","protected":false},"excerpt":{"rendered":"<p>Um grave acidente envolvendo pelo menos tr\u00eas ve\u00edculos foi registrado na manh\u00e3 desta quarta-feira (2), na BR-476, no Km 335, na regi\u00e3o de Vargem Grande, entre os munic\u00edpios de Paula Freitas e Paulo Frontin. De acordo com informa\u00e7\u00f5es do rep\u00f3rter Tiago Amaral, a colis\u00e3o resultou na morte de quatro pessoas e deixou outras quatro em [&hellip;]<\/p>\n","protected":false},"author":2,"featured_media":36334,"comment_status":"open","ping_status":"open","sticky":false,"template":"","format":"standard","meta":{"footnotes":""},"categories":[185],"tags":[172],"class_list":["post-36332","post","type-post","status-publish","format-standard","has-post-thumbnail","hentry","category-regional","tag-featured"],"amp_enabled":true,"_links":{"self":[{"href":"https:\/\/radiostudiow.com.br\/site\/wp-json\/wp\/v2\/posts\/36332","targetHints":{"allow":["GET"]}}],"collection":[{"href":"https:\/\/radiostudiow.com.br\/site\/wp-json\/wp\/v2\/posts"}],"about":[{"href":"https:\/\/radiostudiow.com.br\/site\/wp-json\/wp\/v2\/types\/post"}],"author":[{"embeddable":true,"href":"https:\/\/radiostudiow.com.br\/site\/wp-json\/wp\/v2\/users\/2"}],"replies":[{"embeddable":true,"href":"https:\/\/radiostudiow.com.br\/site\/wp-json\/wp\/v2\/comments?post=36332"}],"version-history":[{"count":1,"href":"https:\/\/radiostudiow.com.br\/site\/wp-json\/wp\/v2\/posts\/36332\/revisions"}],"predecessor-version":[{"id":36335,"href":"https:\/\/radiostudiow.com.br\/site\/wp-json\/wp\/v2\/posts\/36332\/revisions\/36335"}],"wp:featuredmedia":[{"embeddable":true,"href":"https:\/\/radiostudiow.com.br\/site\/wp-json\/wp\/v2\/media\/36334"}],"wp:attachment":[{"href":"https:\/\/radiostudiow.com.br\/site\/wp-json\/wp\/v2\/media?parent=36332"}],"wp:term":[{"taxonomy":"category","embeddable":true,"href":"https:\/\/radiostudiow.com.br\/site\/wp-json\/wp\/v2\/categories?post=36332"},{"taxonomy":"post_tag","embeddable":true,"href":"https:\/\/radiostudiow.com.br\/site\/wp-json\/wp\/v2\/tags?post=36332"}],"curies":[{"name":"wp","href":"https:\/\/api.w.org\/{rel}","templated":true}]}}