{"id":36338,"date":"2025-04-02T10:21:02","date_gmt":"2025-04-02T13:21:02","guid":{"rendered":"https:\/\/radiostudiow.com.br\/site\/?p=36338"},"modified":"2025-04-02T10:21:03","modified_gmt":"2025-04-02T13:21:03","slug":"rotam-de-uniao-da-vitoria-apreende-substancia-analoga-a-cocaina","status":"publish","type":"post","link":"https:\/\/radiostudiow.com.br\/site\/2025\/04\/02\/rotam-de-uniao-da-vitoria-apreende-substancia-analoga-a-cocaina\/","title":{"rendered":"Rotam de Uni\u00e3o da Vit\u00f3ria apreende subst\u00e2ncia an\u00e1loga a coca\u00edna"},"content":{"rendered":"\n<p>A equipe da  Rotam de Uni\u00e3o da Vit\u00f3ria realizava patrulhamento em via p\u00fablica pelo bairro Rio da Areia quando apreendeu drogas com um homem. O caso foi registrado por volta das 21h11min dessa ter\u00e7a-feira (01\u00b0).<\/p>\n\n\n\n<p>O suspeito foi avistado em uma motocicleta Honda CG 150 na cor branca, durante a abordagem o condutor veio a dispensar dois inv\u00f3lucros pequenos na cor branca ao solo, os quais se tratava de por\u00e7\u00f5es de subst\u00e2ncia an\u00e1loga a coca\u00edna.<\/p>\n\n\n\n<figure class=\"wp-block-image size-full\"><img loading=\"lazy\" decoding=\"async\" width=\"598\" height=\"204\" src=\"https:\/\/radiostudiow.com.br\/site\/wp-content\/uploads\/2025\/01\/SITE-MEDIO7.png\" alt=\"\" class=\"wp-image-32801\" srcset=\"https:\/\/radiostudiow.com.br\/site\/wp-content\/uploads\/2025\/01\/SITE-MEDIO7.png 598w, https:\/\/radiostudiow.com.br\/site\/wp-content\/uploads\/2025\/01\/SITE-MEDIO7-300x102.png 300w\" sizes=\"auto, (max-width: 598px) 100vw, 598px\" \/><\/figure>\n\n\n\n<p>Diante da situa\u00e7\u00e3o, o autor foi conduzido at\u00e9 o 27\u00b0 BPM para lavratura do termo circunstanciado, e liberado no local. A motocicleta foi recolhida ao p\u00e1tio do 27\u00b0 BPM, por gerar medidas administrativas e o condutor n\u00e3o possu\u00eda CNH, sendo lavrado os referidos autos de infra\u00e7\u00f5es.<\/p>\n\n\n\n<p><\/p>\n","protected":false},"excerpt":{"rendered":"<p>A equipe da Rotam de Uni\u00e3o da Vit\u00f3ria realizava patrulhamento em via p\u00fablica pelo bairro Rio da Areia quando apreendeu drogas com um homem. O caso foi registrado por volta das 21h11min dessa ter\u00e7a-feira (01\u00b0). O suspeito foi avistado em uma motocicleta Honda CG 150 na cor branca, durante a abordagem o condutor veio a [&hellip;]<\/p>\n","protected":false},"author":2,"featured_media":33740,"comment_status":"open","ping_status":"open","sticky":false,"template":"","format":"standard","meta":{"footnotes":""},"categories":[2],"tags":[172],"class_list":["post-36338","post","type-post","status-publish","format-standard","has-post-thumbnail","hentry","category-policial","tag-featured"],"amp_enabled":true,"_links":{"self":[{"href":"https:\/\/radiostudiow.com.br\/site\/wp-json\/wp\/v2\/posts\/36338","targetHints":{"allow":["GET"]}}],"collection":[{"href":"https:\/\/radiostudiow.com.br\/site\/wp-json\/wp\/v2\/posts"}],"about":[{"href":"https:\/\/radiostudiow.com.br\/site\/wp-json\/wp\/v2\/types\/post"}],"author":[{"embeddable":true,"href":"https:\/\/radiostudiow.com.br\/site\/wp-json\/wp\/v2\/users\/2"}],"replies":[{"embeddable":true,"href":"https:\/\/radiostudiow.com.br\/site\/wp-json\/wp\/v2\/comments?post=36338"}],"version-history":[{"count":2,"href":"https:\/\/radiostudiow.com.br\/site\/wp-json\/wp\/v2\/posts\/36338\/revisions"}],"predecessor-version":[{"id":36340,"href":"https:\/\/radiostudiow.com.br\/site\/wp-json\/wp\/v2\/posts\/36338\/revisions\/36340"}],"wp:featuredmedia":[{"embeddable":true,"href":"https:\/\/radiostudiow.com.br\/site\/wp-json\/wp\/v2\/media\/33740"}],"wp:attachment":[{"href":"https:\/\/radiostudiow.com.br\/site\/wp-json\/wp\/v2\/media?parent=36338"}],"wp:term":[{"taxonomy":"category","embeddable":true,"href":"https:\/\/radiostudiow.com.br\/site\/wp-json\/wp\/v2\/categories?post=36338"},{"taxonomy":"post_tag","embeddable":true,"href":"https:\/\/radiostudiow.com.br\/site\/wp-json\/wp\/v2\/tags?post=36338"}],"curies":[{"name":"wp","href":"https:\/\/api.w.org\/{rel}","templated":true}]}}